{"id":94188,"date":"2018-03-20T01:05:29","date_gmt":"2018-03-20T04:05:29","guid":{"rendered":"http:\/\/diarioregionaljf.com.br\/2018\/03\/20\/chance-para-os-jovens-tenistas-mineiros-disputarem-o-torneio-de-roland-garros\/"},"modified":"2018-03-20T01:05:29","modified_gmt":"2018-03-20T04:05:29","slug":"chance-para-os-jovens-tenistas-mineiros-disputarem-o-torneio-de-roland-garros","status":"publish","type":"post","link":"https:\/\/diarioregionaldigital.com.br\/?p=94188","title":{"rendered":"Chance para os jovens tenistas mineiros disputarem o torneio de Roland Garros"},"content":{"rendered":"<p>Bons ventos seguem soprando a favor do t\u00eanis em Minas Gerais. Depois da recupera\u00e7\u00e3o no ano de 2017, com a volta dos torneios regionais e a cria\u00e7\u00e3o do&nbsp;Grand Slam&nbsp;Mineiro, Belo Horizonte&nbsp; prepara-se para receber duas grandes competi\u00e7\u00f5es: o Torneio Interclubes, que ser\u00e1 realizado do dia 12 ao dia 24 de mar\u00e7o. Logo em seguida, entre os dias 11 e 15 de abril, ser\u00e1 realizado o&nbsp;Rendez-Vous a Roland Garros,&nbsp;torneio que d\u00e1 aos tenistas juvenis a chance de participarem do torneio mais importante da modalidade, o&nbsp;Roland Garros. Os dois eventos ter\u00e3o como sede o Pampulha Iate Clube (PIC).<\/p>\n<p>Os detalhes finais foram acertados pelo representante de Roland Garros, Lucas Dubourg, que esteve em Belo Horizonte, e o presidente da Federa\u00e7\u00e3o Mineira de T\u00eanis (FMT), Fran\u00e7ois Rahme; os dois visitaram o PIC e o Minas T\u00eanis Clube.<\/p>\n<p>O&nbsp;Rendez-Vous a Roland Garros&nbsp;\u00e9 destinado aos atletas da categoria 18 anos. Ser\u00e3o duas chaves com 16 jogadores, entre os tenistas com melhor&nbsp;ranking&nbsp;na Federa\u00e7\u00e3o Internacional de T\u00eanis (ITF), seguidos dos melhores colocados no&nbsp;ranking&nbsp;da Confedera\u00e7\u00e3o Brasileira de T\u00eanis (CBT). Os campe\u00f5es disputar\u00e3o o&nbsp;qualifying&nbsp;\u2013&nbsp;&nbsp;torneio de pr\u00e9-qualifica\u00e7\u00e3o para a competi\u00e7\u00e3o principal&nbsp;\u2013&nbsp;em Paris.<\/p>\n<p>Minas Gerais j\u00e1 teve um representante no torneio juvenil de Roland Garros, em Paris, Jo\u00e3o Ferreira, que foi campe\u00e3o em Florian\u00f3polis.<\/p>\n<p><strong>PARCERIAS<\/strong><\/p>\n<p>Na passagem por Belo Horizonte, Lucas Dubourg conversou tamb\u00e9m com as diretorias do PIC e do Minas T\u00eanis Clube, propondo&nbsp;aos clubes parcerias com Roland Garros. Os dois seriam os primeiros clubes do pa\u00eds a firmar tais acordos,&nbsp;cujo objetivo \u00e9 a forma\u00e7\u00e3o e o desenvolvimento de atletas.<\/p>\n<p><strong>Fonte: Federa\u00e7\u00e3o Mineira de T\u00eanis&nbsp;<\/strong><\/p>\n","protected":false},"excerpt":{"rendered":"<p>Bons ventos seguem soprando a favor do t\u00eanis em Minas Gerais. Depois da recupera\u00e7\u00e3o no ano de 2017, com a volta dos torneios regionais e a cria\u00e7\u00e3o do&nbsp;Grand Slam&nbsp;Mineiro, Belo Horizonte&nbsp; prepara-se para receber duas grandes competi\u00e7\u00f5es: o Torneio Interclubes, que ser\u00e1 realizado do dia 12 ao dia 24 de mar\u00e7o. Logo em seguida, entre [&hellip;]<\/p>\n","protected":false},"author":96,"featured_media":94187,"comment_status":"closed","ping_status":"closed","sticky":false,"template":"","format":"standard","meta":{"footnotes":""},"categories":[257],"tags":[],"class_list":["post-94188","post","type-post","status-publish","format-standard","has-post-thumbnail","hentry","category-esporte"],"_links":{"self":[{"href":"https:\/\/diarioregionaldigital.com.br\/index.php?rest_route=\/wp\/v2\/posts\/94188","targetHints":{"allow":["GET"]}}],"collection":[{"href":"https:\/\/diarioregionaldigital.com.br\/index.php?rest_route=\/wp\/v2\/posts"}],"about":[{"href":"https:\/\/diarioregionaldigital.com.br\/index.php?rest_route=\/wp\/v2\/types\/post"}],"author":[{"embeddable":true,"href":"https:\/\/diarioregionaldigital.com.br\/index.php?rest_route=\/wp\/v2\/users\/96"}],"replies":[{"embeddable":true,"href":"https:\/\/diarioregionaldigital.com.br\/index.php?rest_route=%2Fwp%2Fv2%2Fcomments&post=94188"}],"version-history":[{"count":0,"href":"https:\/\/diarioregionaldigital.com.br\/index.php?rest_route=\/wp\/v2\/posts\/94188\/revisions"}],"wp:featuredmedia":[{"embeddable":true,"href":"https:\/\/diarioregionaldigital.com.br\/index.php?rest_route=\/wp\/v2\/media\/94187"}],"wp:attachment":[{"href":"https:\/\/diarioregionaldigital.com.br\/index.php?rest_route=%2Fwp%2Fv2%2Fmedia&parent=94188"}],"wp:term":[{"taxonomy":"category","embeddable":true,"href":"https:\/\/diarioregionaldigital.com.br\/index.php?rest_route=%2Fwp%2Fv2%2Fcategories&post=94188"},{"taxonomy":"post_tag","embeddable":true,"href":"https:\/\/diarioregionaldigital.com.br\/index.php?rest_route=%2Fwp%2Fv2%2Ftags&post=94188"}],"curies":[{"name":"wp","href":"https:\/\/api.w.org\/{rel}","templated":true}]}}