{"id":94186,"date":"2018-03-20T00:49:10","date_gmt":"2018-03-20T03:49:10","guid":{"rendered":"http:\/\/diarioregionaljf.com.br\/2018\/03\/20\/a-pugilista-baiana-radicada-em-juiz-de-fora-bia-ferreira-conquista-medalha-de-prata-na-polonia\/"},"modified":"2018-03-20T00:49:10","modified_gmt":"2018-03-20T03:49:10","slug":"a-pugilista-baiana-radicada-em-juiz-de-fora-bia-ferreira-conquista-medalha-de-prata-na-polonia","status":"publish","type":"post","link":"https:\/\/diarioregionaldigital.com.br\/?p=94186","title":{"rendered":"A pugilista baiana radicada em Juiz de Fora Bia Ferreira conquista medalha de prata na Pol\u00f4nia"},"content":{"rendered":"<p>Em uma das mais esperadas revanches da competi\u00e7\u00e3o, Beatriz Ferreira (60kg) encarou novamente a finlandesa Mira Potkonen, medalhista ol\u00edmpica e atual segunda colocada no ranking mundial da Associa\u00e7\u00e3o Internacional de Boxe &#8211; AIBA. As duas haviam se enfrentado no in\u00edcio do ano na Bulg\u00e1ria, quando a atleta da Finl\u00e2ndia venceu Bia por 4&#215;1.<\/p>\n<p>Com muito respeito entre si,&nbsp; a primeira metade do primeiro round foi de estudos, com pouca troca de golpes. Aos poucos as atletas tornaram a luta mais intensa e parelha, com muitos golpes trocados. No segundo round a finlandesa conseguiu encaixar bons golpes na longa dist\u00e2ncia. J\u00e1 no terceiro round, Bia foi muito ofensiva, encaixando o seu melhor jogo de m\u00e9dia e curta dist\u00e2ncias com excelentes combina\u00e7\u00f5es de tr\u00eas golpes.<\/p>\n<p>Ao final, Mira Potkonen teve o seu bra\u00e7o erguido. Ela venceu de forma dividida, 3:2. Com isso, Bia conquistou a medalha de Prata da categoria leve.<\/p>\n<p>Novamente, nos destacamos entre as melhores atletas do mundo. Boxeadoras de 20 pa\u00edses estiveram na Pol\u00f4nia em busca do Ouro.<\/p>\n<p>Com certeza o Boxe Feminino do Brasil retornar\u00e1 da Pol\u00f4nia com a sua miss\u00e3o cumprida. Esta foi mais uma etapa de prepara\u00e7\u00e3o para o Campeonato Mundial de Boxe Feminino que ocorrer\u00e1 no m\u00eas de novembro, na \u00cdndia.<\/p>\n<p>As tr\u00eas atletas que viajaram para a Pol\u00f4nia foram acompanhadas pelo treinador Mateus Alves.<\/p>\n","protected":false},"excerpt":{"rendered":"<p>Em uma das mais esperadas revanches da competi\u00e7\u00e3o, Beatriz Ferreira (60kg) encarou novamente a finlandesa Mira Potkonen, medalhista ol\u00edmpica e atual segunda colocada no ranking mundial da Associa\u00e7\u00e3o Internacional de Boxe &#8211; AIBA. As duas haviam se enfrentado no in\u00edcio do ano na Bulg\u00e1ria, quando a atleta da Finl\u00e2ndia venceu Bia por 4&#215;1. Com muito [&hellip;]<\/p>\n","protected":false},"author":96,"featured_media":94185,"comment_status":"closed","ping_status":"closed","sticky":false,"template":"","format":"standard","meta":{"footnotes":""},"categories":[257],"tags":[],"class_list":["post-94186","post","type-post","status-publish","format-standard","has-post-thumbnail","hentry","category-esporte"],"_links":{"self":[{"href":"https:\/\/diarioregionaldigital.com.br\/index.php?rest_route=\/wp\/v2\/posts\/94186","targetHints":{"allow":["GET"]}}],"collection":[{"href":"https:\/\/diarioregionaldigital.com.br\/index.php?rest_route=\/wp\/v2\/posts"}],"about":[{"href":"https:\/\/diarioregionaldigital.com.br\/index.php?rest_route=\/wp\/v2\/types\/post"}],"author":[{"embeddable":true,"href":"https:\/\/diarioregionaldigital.com.br\/index.php?rest_route=\/wp\/v2\/users\/96"}],"replies":[{"embeddable":true,"href":"https:\/\/diarioregionaldigital.com.br\/index.php?rest_route=%2Fwp%2Fv2%2Fcomments&post=94186"}],"version-history":[{"count":0,"href":"https:\/\/diarioregionaldigital.com.br\/index.php?rest_route=\/wp\/v2\/posts\/94186\/revisions"}],"wp:featuredmedia":[{"embeddable":true,"href":"https:\/\/diarioregionaldigital.com.br\/index.php?rest_route=\/wp\/v2\/media\/94185"}],"wp:attachment":[{"href":"https:\/\/diarioregionaldigital.com.br\/index.php?rest_route=%2Fwp%2Fv2%2Fmedia&parent=94186"}],"wp:term":[{"taxonomy":"category","embeddable":true,"href":"https:\/\/diarioregionaldigital.com.br\/index.php?rest_route=%2Fwp%2Fv2%2Fcategories&post=94186"},{"taxonomy":"post_tag","embeddable":true,"href":"https:\/\/diarioregionaldigital.com.br\/index.php?rest_route=%2Fwp%2Fv2%2Ftags&post=94186"}],"curies":[{"name":"wp","href":"https:\/\/api.w.org\/{rel}","templated":true}]}}