{"id":94182,"date":"2018-03-20T00:45:09","date_gmt":"2018-03-20T03:45:09","guid":{"rendered":"http:\/\/diarioregionaljf.com.br\/2018\/03\/20\/tupi-carimba-vaga-a-semifinal-e-o-titulo-de-hexacampeao-do-interior\/"},"modified":"2018-03-20T00:45:09","modified_gmt":"2018-03-20T03:45:09","slug":"tupi-carimba-vaga-a-semifinal-e-o-titulo-de-hexacampeao-do-interior","status":"publish","type":"post","link":"https:\/\/diarioregionaldigital.com.br\/?p=94182","title":{"rendered":"Tupi carimba vaga a semifinal e o titulo de Hexacampe\u00e3o do Interior"},"content":{"rendered":"<p>Tupi garantiu a vaga na semifinal do Campeonato Mineiro na noite deste s\u00e1bado, 17. Empatando com a equipe de Tombos no tempo normal por 0 a 0 e bateu o Tombense nos p\u00eanaltis por 4 a 2.<\/p>\n<p>O nome da partida o arqueiro Villar defendeu o primeiro p\u00eanalti, nas cobran\u00e7as de p\u00eanaltis, Tch\u00f4, Rrnato Kayser, Rodrigo Dias e Patrick converteram para o Galo Carij\u00f3, enquanto apenas Theo e Breno marcaram para o Tombense.<\/p>\n<p>Depois de um primeiro tempo equilibrado, a equipe de Tombos teve expulso o lateral-direito David, ap\u00f3s falta em Renato Kayser no in\u00edcio do segundo tempo. O Tombense at\u00e9 conseguiu segurar com um jogador a menos, por\u00e9m, nas cobran\u00e7as de p\u00eanaltis, Tch\u00f4, Renato Kayser, Rodrigo Dias e Patrick converteram para o Galo Carij\u00f3, enquanto apenas Theo e Breno marcaram para o Tombense.<\/p>\n<p>O primeiro classificado foi o Cruzeiro, que bateu o Patrocinense por 2 a 0 no Mineir\u00e3o. A outra partida das quartas de final deste s\u00e1bado definiu o Coelho como o terceiro classificado, ap\u00f3s vit\u00f3ria por 1 a 0 sobre o Boa Esporte.<\/p>\n<p>Com a vit\u00f3ria do Atl\u00e9tico em cima da URT por 1 a 0 com gol de F\u00e1bio Santos, na na tarde deste domingo, 18, garantiu ao Tupi o t\u00edtulo de campe\u00e3o do interior pela sexta vez. Seguem na competi\u00e7\u00e3o para as semifinais Cruzeiro, Tupi, Am\u00e9rica-MG e Atl\u00e9tico \u2013MG. Com isso Cruzeiro e Tupi fazem o primeiro jogo da semifinal na quarta-feira, \u00e0s 21h45, no M\u00e1rio Hel\u00eanio em Juiz de Fora. Enquanto Am\u00e9rica-MG e o Atl\u00e9tico-MG fazem a outra partida na quinta-feira, 22, \u00e0s 20h, no Independ\u00eancia, em Belo Horizonte.<\/p>\n<p>&nbsp;<\/p>\n<p><strong>&nbsp;<\/strong><\/p>\n<p><strong>&nbsp;<\/strong><\/p>\n<p><strong>&nbsp;<\/strong><\/p>\n","protected":false},"excerpt":{"rendered":"<p>Tupi garantiu a vaga na semifinal do Campeonato Mineiro na noite deste s\u00e1bado, 17. Empatando com a equipe de Tombos no tempo normal por 0 a 0 e bateu o Tombense nos p\u00eanaltis por 4 a 2. O nome da partida o arqueiro Villar defendeu o primeiro p\u00eanalti, nas cobran\u00e7as de p\u00eanaltis, Tch\u00f4, Rrnato Kayser, [&hellip;]<\/p>\n","protected":false},"author":96,"featured_media":94181,"comment_status":"closed","ping_status":"closed","sticky":false,"template":"","format":"standard","meta":{"footnotes":""},"categories":[257],"tags":[],"class_list":["post-94182","post","type-post","status-publish","format-standard","has-post-thumbnail","hentry","category-esporte"],"_links":{"self":[{"href":"https:\/\/diarioregionaldigital.com.br\/index.php?rest_route=\/wp\/v2\/posts\/94182","targetHints":{"allow":["GET"]}}],"collection":[{"href":"https:\/\/diarioregionaldigital.com.br\/index.php?rest_route=\/wp\/v2\/posts"}],"about":[{"href":"https:\/\/diarioregionaldigital.com.br\/index.php?rest_route=\/wp\/v2\/types\/post"}],"author":[{"embeddable":true,"href":"https:\/\/diarioregionaldigital.com.br\/index.php?rest_route=\/wp\/v2\/users\/96"}],"replies":[{"embeddable":true,"href":"https:\/\/diarioregionaldigital.com.br\/index.php?rest_route=%2Fwp%2Fv2%2Fcomments&post=94182"}],"version-history":[{"count":0,"href":"https:\/\/diarioregionaldigital.com.br\/index.php?rest_route=\/wp\/v2\/posts\/94182\/revisions"}],"wp:featuredmedia":[{"embeddable":true,"href":"https:\/\/diarioregionaldigital.com.br\/index.php?rest_route=\/wp\/v2\/media\/94181"}],"wp:attachment":[{"href":"https:\/\/diarioregionaldigital.com.br\/index.php?rest_route=%2Fwp%2Fv2%2Fmedia&parent=94182"}],"wp:term":[{"taxonomy":"category","embeddable":true,"href":"https:\/\/diarioregionaldigital.com.br\/index.php?rest_route=%2Fwp%2Fv2%2Fcategories&post=94182"},{"taxonomy":"post_tag","embeddable":true,"href":"https:\/\/diarioregionaldigital.com.br\/index.php?rest_route=%2Fwp%2Fv2%2Ftags&post=94182"}],"curies":[{"name":"wp","href":"https:\/\/api.w.org\/{rel}","templated":true}]}}