{"id":94180,"date":"2018-03-19T23:49:52","date_gmt":"2018-03-20T02:49:52","guid":{"rendered":"http:\/\/diarioregionaljf.com.br\/2018\/03\/19\/aniversario-com-samba\/"},"modified":"2018-03-19T23:49:52","modified_gmt":"2018-03-20T02:49:52","slug":"aniversario-com-samba","status":"publish","type":"post","link":"https:\/\/diarioregionaldigital.com.br\/?p=94180","title":{"rendered":"Anivers\u00e1rio com samba"},"content":{"rendered":"<p>Foi na quadra verde e branco&nbsp;da Juventude Imperial, a&nbsp;comemora\u00e7\u00e3o do anivers\u00e1rio&nbsp;da elegante primeira-dama&nbsp;da agremia\u00e7\u00e3o Luh Chaves. Com suculenta feijoada,&nbsp;muita cerveja e samba, a&nbsp;tarde foi de alt\u00edssimo astral.&nbsp;As fotos registram algumas&nbsp;presen\u00e7as.<\/p>\n<p style=\"text-align: center;\"><img loading=\"lazy\" decoding=\"async\" class=\" size-full wp-image-94171\" src=\"http:\/\/diarioregionaljf.com.br\/wp-content\/uploads\/2018\/03\/diario-int-25227-1.jpg\" alt=\"fotoa.jpg\" style=\"display: block; margin-left: auto; margin-right: auto;\" width=\"338\" height=\"450\" srcset=\"https:\/\/diarioregionaldigital.com.br\/wp-content\/uploads\/2018\/03\/diario-int-25227-1.jpg 338w, https:\/\/diarioregionaldigital.com.br\/wp-content\/uploads\/2018\/03\/diario-int-25227-1-225x300.jpg 225w\" sizes=\"auto, (max-width: 338px) 100vw, 338px\" \/>As locomotivas do samba, Ivana Al\u00f4, Luh Chaves (aniversariando) e Ivanir Ferreira<\/p>\n<p>&nbsp;<\/p>\n<p style=\"text-align: center;\"><img loading=\"lazy\" decoding=\"async\" class=\" size-full wp-image-94172\" src=\"http:\/\/diarioregionaljf.com.br\/wp-content\/uploads\/2018\/03\/diario-int-25227-2.jpg\" alt=\"fotob.jpg\" style=\"display: block; margin-left: auto; margin-right: auto;\" width=\"600\" height=\"450\" srcset=\"https:\/\/diarioregionaldigital.com.br\/wp-content\/uploads\/2018\/03\/diario-int-25227-2.jpg 600w, https:\/\/diarioregionaldigital.com.br\/wp-content\/uploads\/2018\/03\/diario-int-25227-2-300x225.jpg 300w, https:\/\/diarioregionaldigital.com.br\/wp-content\/uploads\/2018\/03\/diario-int-25227-2-360x270.jpg 360w\" sizes=\"auto, (max-width: 600px) 100vw, 600px\" \/>Convidados top, Erika Beire,&nbsp;Lidiane Stambassi e Beto Souza<\/p>\n<p>&nbsp;<\/p>\n<p style=\"text-align: center;\"><img loading=\"lazy\" decoding=\"async\" class=\" size-full wp-image-94173\" src=\"http:\/\/diarioregionaljf.com.br\/wp-content\/uploads\/2018\/03\/diario-int-25227-3.jpg\" alt=\"fotoc.jpg\" style=\"display: block; margin-left: auto; margin-right: auto;\" width=\"338\" height=\"450\" srcset=\"https:\/\/diarioregionaldigital.com.br\/wp-content\/uploads\/2018\/03\/diario-int-25227-3.jpg 338w, https:\/\/diarioregionaldigital.com.br\/wp-content\/uploads\/2018\/03\/diario-int-25227-3-225x300.jpg 225w\" sizes=\"auto, (max-width: 338px) 100vw, 338px\" \/>Mulheres superpoderosas, Helanise Machado e Ivanir Ferreira<\/p>\n<p>&nbsp;<\/p>\n<p style=\"text-align: center;\"><img loading=\"lazy\" decoding=\"async\" class=\" size-full wp-image-94174\" src=\"http:\/\/diarioregionaljf.com.br\/wp-content\/uploads\/2018\/03\/diario-int-25227-4.jpg\" alt=\"fotod.jpg\" style=\"display: block; margin-left: auto; margin-right: auto;\" width=\"600\" height=\"450\" srcset=\"https:\/\/diarioregionaldigital.com.br\/wp-content\/uploads\/2018\/03\/diario-int-25227-4.jpg 600w, https:\/\/diarioregionaldigital.com.br\/wp-content\/uploads\/2018\/03\/diario-int-25227-4-300x225.jpg 300w, https:\/\/diarioregionaldigital.com.br\/wp-content\/uploads\/2018\/03\/diario-int-25227-4-360x270.jpg 360w\" sizes=\"auto, (max-width: 600px) 100vw, 600px\" \/>Leonardo Chillis, Ivanir&nbsp;Ferreira, Ivana Al\u00f4 e&nbsp;Carlos Alberto Ferreira<\/p>\n<p>&nbsp;<\/p>\n<p style=\"text-align: center;\"><img loading=\"lazy\" decoding=\"async\" class=\" size-full wp-image-94175\" src=\"http:\/\/diarioregionaljf.com.br\/wp-content\/uploads\/2018\/03\/diario-int-25227-5.jpg\" alt=\"fotoe.jpg\" style=\"display: block; margin-left: auto; margin-right: auto;\" width=\"335\" height=\"450\" srcset=\"https:\/\/diarioregionaldigital.com.br\/wp-content\/uploads\/2018\/03\/diario-int-25227-5.jpg 335w, https:\/\/diarioregionaldigital.com.br\/wp-content\/uploads\/2018\/03\/diario-int-25227-5-223x300.jpg 223w\" sizes=\"auto, (max-width: 335px) 100vw, 335px\" \/>As empoderadas, Luh&nbsp;Chaves e Dani Verpel<\/p>\n<p>&nbsp;<\/p>\n<p style=\"text-align: center;\"><img loading=\"lazy\" decoding=\"async\" class=\" size-full wp-image-94176\" src=\"http:\/\/diarioregionaljf.com.br\/wp-content\/uploads\/2018\/03\/diario-int-25227-6.jpg\" alt=\"fotof.jpg\" style=\"display: block; margin-left: auto; margin-right: auto;\" width=\"338\" height=\"450\" srcset=\"https:\/\/diarioregionaldigital.com.br\/wp-content\/uploads\/2018\/03\/diario-int-25227-6.jpg 338w, https:\/\/diarioregionaldigital.com.br\/wp-content\/uploads\/2018\/03\/diario-int-25227-6-225x300.jpg 225w\" sizes=\"auto, (max-width: 338px) 100vw, 338px\" \/>Na realeza do samba,&nbsp;Ivana Al\u00f4 e Luh Chaves<\/p>\n<hr \/>\n<h4>QUEM TEM DINHEIRO?<\/h4>\n<p>O BNDES est\u00e1 negociando&nbsp;a venda de sua c\u00e9lebre participa\u00e7\u00e3o&nbsp;no JBS. Uma transa\u00e7\u00e3o&nbsp;de uns R$ 7 bilh\u00f5es. Na ponta de compra, fundos&nbsp;soberanos. As conversas,&nbsp;por\u00e9m ainda est\u00e3o em est\u00e1gio&nbsp;inicial.<\/p>\n<hr \/>\n<h4>NA PAUTA<\/h4>\n<p>Com in\u00edcio no dia 21, todas&nbsp;as quartas-feiras, de mar\u00e7o a&nbsp;junho, o Curso de Extens\u00e3o, com o tema O Golpe de 2016&nbsp;\u2013 e o futuro da Democracia&nbsp;no Brasil. Ser\u00e1 no setor de&nbsp;Anfiteatros do Instituto de&nbsp;Ci\u00eancias Humanas da UFJF.<\/p>\n<hr \/>\n<h4>RESID\u00caNCIAS TERAP\u00caUTICAS<\/h4>\n<p>Com not\u00edcia batendo a porta,&nbsp;a Associa\u00e7\u00e3o Casa Viva&nbsp;deixar\u00e1 de administrar 17&nbsp;das 29 resid\u00eancias terap\u00eauticas&nbsp;de Juiz de Fora. O&nbsp;processo de transi\u00e7\u00e3o vai&nbsp;durar 90 dias, prazo para que o grupo Esp\u00edrita de&nbsp;Assist\u00eancia aos Enfermos&nbsp;(Gedae), vencedor do chamamento&nbsp;p\u00fablico do setor,&nbsp;se torne o respons\u00e1vel por&nbsp;todas as resid\u00eancias terap\u00eauticas.<\/p>\n<hr \/>\n<h4>ARTE<\/h4>\n<p>Bel\u00edssima a exposi\u00e7\u00e3o \u201cRepresenta\u00e7\u00f5es&nbsp;da paix\u00e3o\u201d, em cartaz no Forum da Cultura. A&nbsp;mostra re\u00fane 20 pe\u00e7as com o&nbsp;tema \u201cA paix\u00e3o de Cristo\u201d, na&nbsp;vis\u00e3o de artistas populares.<\/p>\n<hr \/>\n<h4>ECONOMIA<\/h4>\n<p>A bilion\u00e1ria fus\u00e3o entre a Fibria&nbsp;e o grupo Suzano, que resultar\u00e1 num gigante dono&nbsp;de 16% do mercado mundial&nbsp;de celulose, s\u00f3 n\u00e3o fechou&nbsp;ainda por causa do BNDES.&nbsp;T\u00e1 emperrado!<\/p>\n<hr \/>\n<p style=\"text-align: center;\"><img loading=\"lazy\" decoding=\"async\" class=\" size-full wp-image-94177\" src=\"http:\/\/diarioregionaljf.com.br\/wp-content\/uploads\/2018\/03\/diario-int-25227-7.jpg\" alt=\"fotoi.jpg\" style=\"display: block; margin-left: auto; margin-right: auto;\" width=\"360\" height=\"450\" srcset=\"https:\/\/diarioregionaldigital.com.br\/wp-content\/uploads\/2018\/03\/diario-int-25227-7.jpg 360w, https:\/\/diarioregionaldigital.com.br\/wp-content\/uploads\/2018\/03\/diario-int-25227-7-240x300.jpg 240w\" sizes=\"auto, (max-width: 360px) 100vw, 360px\" \/>A bonita J\u00falia Machado,&nbsp;formou em Psicologia&nbsp;pela Universo<\/p>\n<p>&nbsp;<\/p>\n<p style=\"text-align: center;\"><img loading=\"lazy\" decoding=\"async\" class=\" size-full wp-image-94178\" src=\"http:\/\/diarioregionaljf.com.br\/wp-content\/uploads\/2018\/03\/diario-int-25227-8.jpg\" alt=\"fotoh.jpg\" style=\"display: block; margin-left: auto; margin-right: auto;\" width=\"550\" height=\"367\" srcset=\"https:\/\/diarioregionaldigital.com.br\/wp-content\/uploads\/2018\/03\/diario-int-25227-8.jpg 550w, https:\/\/diarioregionaldigital.com.br\/wp-content\/uploads\/2018\/03\/diario-int-25227-8-300x200.jpg 300w, https:\/\/diarioregionaldigital.com.br\/wp-content\/uploads\/2018\/03\/diario-int-25227-8-360x240.jpg 360w\" sizes=\"auto, (max-width: 550px) 100vw, 550px\" \/>No Card\u00e1pio Mineiro curtindo alto&nbsp;astral, Merc\u00eas Rodrigues, Beth Urgal,&nbsp;Celita Emiliano e Mary Andrade<\/p>\n<p>&nbsp;<\/p>\n<p style=\"text-align: center;\"><img loading=\"lazy\" decoding=\"async\" class=\" size-full wp-image-94179\" src=\"http:\/\/diarioregionaljf.com.br\/wp-content\/uploads\/2018\/03\/diario-int-25227-9.jpg\" alt=\"fotog.jpg\" style=\"display: block; margin-left: auto; margin-right: auto;\" width=\"400\" height=\"393\" srcset=\"https:\/\/diarioregionaldigital.com.br\/wp-content\/uploads\/2018\/03\/diario-int-25227-9.jpg 400w, https:\/\/diarioregionaldigital.com.br\/wp-content\/uploads\/2018\/03\/diario-int-25227-9-300x295.jpg 300w, https:\/\/diarioregionaldigital.com.br\/wp-content\/uploads\/2018\/03\/diario-int-25227-9-360x354.jpg 360w, https:\/\/diarioregionaldigital.com.br\/wp-content\/uploads\/2018\/03\/diario-int-25227-9-80x80.jpg 80w\" sizes=\"auto, (max-width: 400px) 100vw, 400px\" \/>Em momento&nbsp;fam\u00edlia, Rita Salim,&nbsp;Vin\u00edcius Salim e&nbsp;Olney Gouvea J\u00fanior<\/p>\n<hr \/>\n<h4 style=\"text-align: center;\">FOTOSS\u00cdNTESE<\/h4>\n<p>\u2022 Um p\u00fablico refinad\u00edssimo foi&nbsp;prestigiar o pianista M\u00e1rcio&nbsp;Hallack, na abertura da programa\u00e7\u00e3o&nbsp;musical aos s\u00e1bados&nbsp;no Spazio Design.<\/p>\n<p>\u2022 Elegante e din\u00e2mica, a professora&nbsp;de Direito Penal e&nbsp;Criminologia da UFJF, Ellen&nbsp;Cristina Carmo Rodrigues&nbsp;est\u00e1 com tudo e n\u00e3o est\u00e1&nbsp;prosa. Ela lan\u00e7ou, no audit\u00f3rio&nbsp;da Faculdade de Direito&nbsp;o livro \u201cA Justi\u00e7a Juvenil no&nbsp;Brasil e a responsabilidade&nbsp;penal do adolescente: rupturas, perman\u00eancia e possibilidades\u201d.<\/p>\n<p>\u2022 Gente de carnaval e do reco-reco tamb\u00e9m marcaram&nbsp;presen\u00e7a no Experimental&nbsp;Bar para a estreia do Ponto&nbsp;Samba, que vai reunir roda&nbsp;dos encontros, com compositores&nbsp;de Juiz de Fora.<\/p>\n<p>\u2022 Ser\u00e1 na 4\u00aa feira, 21, a palestra&nbsp;da fonoaudi\u00f3loga com&nbsp;p\u00f3s-gradua\u00e7\u00e3o em orat\u00f3ria&nbsp;pelo Instituto Superior de&nbsp;Letras, de Lisboa, Luciana Ferraz que vai falar sobre&nbsp;\u201cExplos\u00e3o de Vendas\u201d. Ser\u00e1&nbsp;no Sindicom\u00e9rcio.<\/p>\n<p>\u2022 Como uma formiguinha no&nbsp;ver\u00e3o, o juiz-forano Arthur&nbsp;Mendes Gonzaga de apenas&nbsp;12 anos, faturou o 1\u00ba&nbsp;lugar no \u201cMelhor Confeiteiro&nbsp;do Brasil\u201d, no J\u00fanior Bake Off Brasil do SBT.<\/p>\n<p>\u2022 Com o falecimento de Hubert&nbsp;de Givenchy (91 anos),&nbsp;o mundo perdeu um dos s\u00edmbolos&nbsp;da eleg\u00e2ncia francesa&nbsp;para moda contempor\u00e2nea.<\/p>\n<p>\u2022 O juiz-forano Knorr, autor dos&nbsp;rec\u00e9m lan\u00e7ados \u201cNarcisos\u201d e \u201cO livro dos verbos\u201d, inaugurou&nbsp;oficina de poesia na Esta\u00e7\u00e3o&nbsp;Palco. Criador de inspirados&nbsp;trabalhos, sua vida \u00e9 poetar.<\/p>\n<p>\u2022 Vai ter festa do Zod\u00edaco \u2013 &nbsp;Lest Dance no dia 24, em Lorena&nbsp;(SP). Ser\u00e1 no Cen\u00e1rio,&nbsp;com o som fervilhante do DJ&nbsp;do momento Fl\u00e1vio Lupere.&nbsp;Vai bombar.<\/p>\n<p>\u2022 Dentre as atra\u00e7\u00f5es da festa&nbsp;Cabar\u00e9 do Toninho Cunha,&nbsp;dia 12 de maio, nas imedia\u00e7\u00f5es&nbsp;do Parque da Lajinha, j\u00e1 confirmaram, DJ Felipe Castro,&nbsp;Resenha de Segunda e&nbsp;Heitor &amp; Giovani e Banda.<\/p>\n<p>\u2022 Com grande Show para comemorar&nbsp;os 50 anos do Col\u00e9gio&nbsp;Pio XII, ser\u00e1 no MHall,&nbsp;no dia 14 de abril, \u00e0s 21 horas,&nbsp;a apresenta\u00e7\u00e3o do grupo&nbsp;Renato e Seus Blue Caps.&nbsp;Ingressos na Loja Z\u00e9 Kodak.<\/p>\n<p>\u2022 Al\u00f4, Al\u00f4: Tem amigo que \u00e9&nbsp;igual operadora de celular.&nbsp;Quando mais precisamos,&nbsp;nem sinal. Bom dia.<\/p>\n<p>&nbsp;<\/p>\n<p>&nbsp;<\/p>\n","protected":false},"excerpt":{"rendered":"<p>Foi na quadra verde e branco&nbsp;da Juventude Imperial, a&nbsp;comemora\u00e7\u00e3o do anivers\u00e1rio&nbsp;da elegante primeira-dama&nbsp;da agremia\u00e7\u00e3o Luh Chaves. Com suculenta feijoada,&nbsp;muita cerveja e samba, a&nbsp;tarde foi de alt\u00edssimo astral.&nbsp;As fotos registram algumas&nbsp;presen\u00e7as. As locomotivas do samba, Ivana Al\u00f4, Luh Chaves (aniversariando) e Ivanir Ferreira &nbsp; Convidados top, Erika Beire,&nbsp;Lidiane Stambassi e Beto Souza &nbsp; Mulheres superpoderosas, Helanise [&hellip;]<\/p>\n","protected":false},"author":96,"featured_media":94170,"comment_status":"closed","ping_status":"closed","sticky":false,"template":"","format":"standard","meta":{"footnotes":""},"categories":[264],"tags":[],"class_list":["post-94180","post","type-post","status-publish","format-standard","has-post-thumbnail","hentry","category-eduardo-gomes"],"_links":{"self":[{"href":"https:\/\/diarioregionaldigital.com.br\/index.php?rest_route=\/wp\/v2\/posts\/94180","targetHints":{"allow":["GET"]}}],"collection":[{"href":"https:\/\/diarioregionaldigital.com.br\/index.php?rest_route=\/wp\/v2\/posts"}],"about":[{"href":"https:\/\/diarioregionaldigital.com.br\/index.php?rest_route=\/wp\/v2\/types\/post"}],"author":[{"embeddable":true,"href":"https:\/\/diarioregionaldigital.com.br\/index.php?rest_route=\/wp\/v2\/users\/96"}],"replies":[{"embeddable":true,"href":"https:\/\/diarioregionaldigital.com.br\/index.php?rest_route=%2Fwp%2Fv2%2Fcomments&post=94180"}],"version-history":[{"count":0,"href":"https:\/\/diarioregionaldigital.com.br\/index.php?rest_route=\/wp\/v2\/posts\/94180\/revisions"}],"wp:featuredmedia":[{"embeddable":true,"href":"https:\/\/diarioregionaldigital.com.br\/index.php?rest_route=\/wp\/v2\/media\/94170"}],"wp:attachment":[{"href":"https:\/\/diarioregionaldigital.com.br\/index.php?rest_route=%2Fwp%2Fv2%2Fmedia&parent=94180"}],"wp:term":[{"taxonomy":"category","embeddable":true,"href":"https:\/\/diarioregionaldigital.com.br\/index.php?rest_route=%2Fwp%2Fv2%2Fcategories&post=94180"},{"taxonomy":"post_tag","embeddable":true,"href":"https:\/\/diarioregionaldigital.com.br\/index.php?rest_route=%2Fwp%2Fv2%2Ftags&post=94180"}],"curies":[{"name":"wp","href":"https:\/\/api.w.org\/{rel}","templated":true}]}}