{"id":94169,"date":"2018-03-19T23:13:21","date_gmt":"2018-03-20T02:13:21","guid":{"rendered":"http:\/\/diarioregionaljf.com.br\/2018\/03\/19\/onibus-podem-deixar-de-circular-na-cidade-a-partir-de-amanha\/"},"modified":"2018-03-19T23:13:21","modified_gmt":"2018-03-20T02:13:21","slug":"onibus-podem-deixar-de-circular-na-cidade-a-partir-de-amanha","status":"publish","type":"post","link":"https:\/\/diarioregionaldigital.com.br\/?p=94169","title":{"rendered":"\u00d4nibus podem deixar de circular na cidade a partir de amanh\u00e3"},"content":{"rendered":"<p>O Sindicato dos Trabalhadores em Transporte Rodovi\u00e1rio de Juiz de Fora (Sinttro-JF) anunciou por meio de nota que h\u00e1 previs\u00e3o de greve para o primeiro turno da pr\u00f3xima quarta-feira, 21.<\/p>\n<p>De acordo com o comunicado, os empres\u00e1rios do setor solicitaram uma nova rodada de negocia\u00e7\u00f5es, assim que o Sindicado deflagrou as medidas legais para dar in\u00edcio \u00e0 paralisa\u00e7\u00e3o. Na reuni\u00e3o o Sinttro manteve a proposta aprovada em assembl\u00e9ia da classe e em contrapartida receberam uma nova proposta dos empres\u00e1rios com alguns avan\u00e7os, por\u00e9m ainda n\u00e3o satisfaziam o solicitado por eles.<\/p>\n<p>Os trabalhadores acreditam na possibilidade de alcan\u00e7arem as propostas solicitadas, entretanto, n\u00e3o abrem m\u00e3o de iniciar a greve de acordo com os prazos legais. Eles tamb\u00e9m explicaram que, caso o movimento de fato, se concretize, nas primeiras horas de quarta-feira os \u00f4nibus ser\u00e3o retidos nas garagens.<\/p>\n<p>\u201cO nosso movimento \u00e9 pac\u00edfico, dentro da lei e queremos causar o m\u00ednimo de transtorno \u00e0 popula\u00e7\u00e3o juiz-forana, visto que estamos buscando comunicar com anteced\u00eancia todos os passos do movimento\u201d, ressaltaram em nota.<\/p>\n<p>Por fim, o Sindicato refor\u00e7ou as principais reivindica\u00e7\u00f5es da categoria. Sendo elas: Reajuste salarial de 2% a partir do dia 1\u00aa de fevereiro deste ano, em julho 1% de ganho real mais a varia\u00e7\u00e3o do INPC de 01\/02\/2018 a 30\/06\/2018; Ticket Alimenta\u00e7\u00e3o de R$330 at\u00e9 julho e R$350 deste m\u00eas em diante; Manuten\u00e7\u00e3o das demais cl\u00e1usulas existentes no Acordo Coletivo 2017.<\/p>\n<p>A assessoria dos Cons\u00f3rcios Integrados de Transporte Coletivo (Cinturb) informou a equipe do Di\u00e1rio Regional que nesta ter\u00e7a-feira, 20, os empres\u00e1rios ainda v\u00e3o fazer uma avalia\u00e7\u00e3o da contraproposta que o Sindicato apresentou. Sendo assim, somente ap\u00f3s esta ter\u00e7a, ser\u00e1 poss\u00edvel fechar um acordo antes do in\u00edcio da greve.<\/p>\n","protected":false},"excerpt":{"rendered":"<p>O Sindicato dos Trabalhadores em Transporte Rodovi\u00e1rio de Juiz de Fora (Sinttro-JF) anunciou por meio de nota que h\u00e1 previs\u00e3o de greve para o primeiro turno da pr\u00f3xima quarta-feira, 21. De acordo com o comunicado, os empres\u00e1rios do setor solicitaram uma nova rodada de negocia\u00e7\u00f5es, assim que o Sindicado deflagrou as medidas legais para dar [&hellip;]<\/p>\n","protected":false},"author":96,"featured_media":94168,"comment_status":"closed","ping_status":"closed","sticky":false,"template":"","format":"standard","meta":{"footnotes":""},"categories":[253],"tags":[],"class_list":["post-94169","post","type-post","status-publish","format-standard","has-post-thumbnail","hentry","category-cidade"],"_links":{"self":[{"href":"https:\/\/diarioregionaldigital.com.br\/index.php?rest_route=\/wp\/v2\/posts\/94169","targetHints":{"allow":["GET"]}}],"collection":[{"href":"https:\/\/diarioregionaldigital.com.br\/index.php?rest_route=\/wp\/v2\/posts"}],"about":[{"href":"https:\/\/diarioregionaldigital.com.br\/index.php?rest_route=\/wp\/v2\/types\/post"}],"author":[{"embeddable":true,"href":"https:\/\/diarioregionaldigital.com.br\/index.php?rest_route=\/wp\/v2\/users\/96"}],"replies":[{"embeddable":true,"href":"https:\/\/diarioregionaldigital.com.br\/index.php?rest_route=%2Fwp%2Fv2%2Fcomments&post=94169"}],"version-history":[{"count":0,"href":"https:\/\/diarioregionaldigital.com.br\/index.php?rest_route=\/wp\/v2\/posts\/94169\/revisions"}],"wp:featuredmedia":[{"embeddable":true,"href":"https:\/\/diarioregionaldigital.com.br\/index.php?rest_route=\/wp\/v2\/media\/94168"}],"wp:attachment":[{"href":"https:\/\/diarioregionaldigital.com.br\/index.php?rest_route=%2Fwp%2Fv2%2Fmedia&parent=94169"}],"wp:term":[{"taxonomy":"category","embeddable":true,"href":"https:\/\/diarioregionaldigital.com.br\/index.php?rest_route=%2Fwp%2Fv2%2Fcategories&post=94169"},{"taxonomy":"post_tag","embeddable":true,"href":"https:\/\/diarioregionaldigital.com.br\/index.php?rest_route=%2Fwp%2Fv2%2Ftags&post=94169"}],"curies":[{"name":"wp","href":"https:\/\/api.w.org\/{rel}","templated":true}]}}