{"id":94167,"date":"2018-03-19T22:20:50","date_gmt":"2018-03-20T01:20:50","guid":{"rendered":"http:\/\/diarioregionaljf.com.br\/2018\/03\/19\/inicio-do-outono-nao-deve-proporcionar-grandes-alteracoes-climaticas-em-juiz-de-fora\/"},"modified":"2018-03-19T22:20:50","modified_gmt":"2018-03-20T01:20:50","slug":"inicio-do-outono-nao-deve-proporcionar-grandes-alteracoes-climaticas-em-juiz-de-fora","status":"publish","type":"post","link":"https:\/\/diarioregionaldigital.com.br\/?p=94167","title":{"rendered":"In\u00edcio do outono n\u00e3o deve proporcionar grandes altera\u00e7\u00f5es clim\u00e1ticas em Juiz de Fora"},"content":{"rendered":"<p>O in\u00edcio do outono, \u00e0s 13h14 desta ter\u00e7a-feira, 20, n\u00e3o deve proporcionar grandes altera\u00e7\u00f5es clim\u00e1ticas em Juiz de Fora. De acordo com o 5\u00ba Distrito do Instituto Nacional de Meteorologia (Inmet), a primeira metade da esta\u00e7\u00e3o ser\u00e1 parecida com o que foi visto no ver\u00e3o, por\u00e9m, marcada pela redu\u00e7\u00e3o gradativa das temperaturas. \u201c\u00c9 uma esta\u00e7\u00e3o caracterizada pela diminui\u00e7\u00e3o progressiva das chuvas e umidade relativa do ar alterada. Por conta da massa fria vinda de sudeste, a umidade tende a ser maior durante as manh\u00e3s e cai bastante no per\u00edodo da tarde\u201d, afirma o meteorologista do Inmet, Luiz Ladeia.<\/p>\n<p>Conforme o especialista, mudan\u00e7as r\u00e1pidas nas condi\u00e7\u00f5es do tempo podem ser percebidas nesta esta\u00e7\u00e3o. \u201cO tempo pode estar fechado e rapidamente ficar limpo. Geadas e nevoeiros nas primeiras horas do dia tamb\u00e9m est\u00e3o previstas, mas isso, s\u00f3 na segunda metade do outono, ou seja, depois da segunda quinzena de abril. Vamos viver situa\u00e7\u00e3o parecida com a do ver\u00e3o, mas, com temperaturas agrad\u00e1veis durante as madrugadas\u201d, explica.<\/p>\n<p>Para esta ter\u00e7a-feira, o Inmet prev\u00ea que o tempo fique claro pela manh\u00e3, parcialmente nublado no in\u00edcio da tarde e totalmente nublado no fim do dia, com possibilidades de pancadas de chuvas e trovoadas isoladas. A temperatura m\u00ednima deve chegar a 18\u00b0C e a m\u00e1xima a 28\u00b0C. A condi\u00e7\u00e3o deve se repetir na quarta-feira, 21, por\u00e9m, na quinta-feira, 22, o dia deve ser nublado. \u201cAt\u00e9 o dia 27 teremos a possibilidade de pancadas de chuvas no fim da tarde\u201d, conclui o meteorologista.<\/p>\n","protected":false},"excerpt":{"rendered":"<p>O in\u00edcio do outono, \u00e0s 13h14 desta ter\u00e7a-feira, 20, n\u00e3o deve proporcionar grandes altera\u00e7\u00f5es clim\u00e1ticas em Juiz de Fora. De acordo com o 5\u00ba Distrito do Instituto Nacional de Meteorologia (Inmet), a primeira metade da esta\u00e7\u00e3o ser\u00e1 parecida com o que foi visto no ver\u00e3o, por\u00e9m, marcada pela redu\u00e7\u00e3o gradativa das temperaturas. \u201c\u00c9 uma esta\u00e7\u00e3o [&hellip;]<\/p>\n","protected":false},"author":96,"featured_media":94166,"comment_status":"closed","ping_status":"closed","sticky":false,"template":"","format":"standard","meta":{"footnotes":""},"categories":[253],"tags":[],"class_list":["post-94167","post","type-post","status-publish","format-standard","has-post-thumbnail","hentry","category-cidade"],"_links":{"self":[{"href":"https:\/\/diarioregionaldigital.com.br\/index.php?rest_route=\/wp\/v2\/posts\/94167","targetHints":{"allow":["GET"]}}],"collection":[{"href":"https:\/\/diarioregionaldigital.com.br\/index.php?rest_route=\/wp\/v2\/posts"}],"about":[{"href":"https:\/\/diarioregionaldigital.com.br\/index.php?rest_route=\/wp\/v2\/types\/post"}],"author":[{"embeddable":true,"href":"https:\/\/diarioregionaldigital.com.br\/index.php?rest_route=\/wp\/v2\/users\/96"}],"replies":[{"embeddable":true,"href":"https:\/\/diarioregionaldigital.com.br\/index.php?rest_route=%2Fwp%2Fv2%2Fcomments&post=94167"}],"version-history":[{"count":0,"href":"https:\/\/diarioregionaldigital.com.br\/index.php?rest_route=\/wp\/v2\/posts\/94167\/revisions"}],"wp:featuredmedia":[{"embeddable":true,"href":"https:\/\/diarioregionaldigital.com.br\/index.php?rest_route=\/wp\/v2\/media\/94166"}],"wp:attachment":[{"href":"https:\/\/diarioregionaldigital.com.br\/index.php?rest_route=%2Fwp%2Fv2%2Fmedia&parent=94167"}],"wp:term":[{"taxonomy":"category","embeddable":true,"href":"https:\/\/diarioregionaldigital.com.br\/index.php?rest_route=%2Fwp%2Fv2%2Fcategories&post=94167"},{"taxonomy":"post_tag","embeddable":true,"href":"https:\/\/diarioregionaldigital.com.br\/index.php?rest_route=%2Fwp%2Fv2%2Ftags&post=94167"}],"curies":[{"name":"wp","href":"https:\/\/api.w.org\/{rel}","templated":true}]}}