{"id":94164,"date":"2018-03-19T20:58:49","date_gmt":"2018-03-19T23:58:49","guid":{"rendered":"http:\/\/diarioregionaljf.com.br\/2018\/03\/19\/cafe-de-negocios-debate-financas-empresariais-em-sua-nova-edicao\/"},"modified":"2018-03-19T20:58:49","modified_gmt":"2018-03-19T23:58:49","slug":"cafe-de-negocios-debate-financas-empresariais-em-sua-nova-edicao","status":"publish","type":"post","link":"https:\/\/diarioregionaldigital.com.br\/?p=94164","title":{"rendered":"Caf\u00e9 de Neg\u00f3cios debate finan\u00e7as empresariais em sua nova edi\u00e7\u00e3o"},"content":{"rendered":"<p>Com o tema &#8220;Intelig\u00eancia Financeira para Empres\u00e1rios&#8221; o Caf\u00e9 de Neg\u00f3cios chega a sua 14\u00aa edi\u00e7\u00e3o, promovendo networking e parcerias entre diversos empres\u00e1rios de Juiz de Fora e regi\u00e3o.<\/p>\n<p>Realizado pela Novus Assessoria Cont\u00e1bil, o evento, que acontece na pr\u00f3xima quinta-feira, 22, \u00e9 totalmente gratuito e contar\u00e1 com uma palestra do consultor financeiro Jorge Felipe. O p\u00fablico-alvo abrange empres\u00e1rios, empreendedores e at\u00e9 mesmo pessoas que n\u00e3o tenham nenhuma empresa, mas possuem a ideia e a vontade de abrir o seu pr\u00f3prio neg\u00f3cio.<\/p>\n<p>A gestora estrat\u00e9gica da Novus, Brenda Rotondo, explicou que tudo come\u00e7a \u201ccom um caf\u00e9 e os empres\u00e1rios v\u00e3o chegando, conversando, fazendo parcerias e fechando neg\u00f3cios, algo que ocorre com frequ\u00eancia nos eventos.\u201d<\/p>\n<p>Ap\u00f3s o caf\u00e9 inicial, os participantes seguem para a palestra, que aborda assuntos relevantes e atuais para gest\u00e3o de neg\u00f3cios. Como citado no in\u00edcio da mat\u00e9ria, o tema principal desta edi\u00e7\u00e3o do Caf\u00e9 de Neg\u00f3cios ser\u00e1 finan\u00e7as. \u201cOs participantes poder\u00e3o entender e conhecer melhores formas para organizar as contas das empresas, ter mais controle do dinheiro, possibilidades de investimentos, buscar oportunidades de marketing, administrar os or\u00e7amentos do ano, programar investimentos, dentre outras a\u00e7\u00f5es\u201d, ressaltou Brenda.<\/p>\n<p>O Caf\u00e9 est\u00e1 marcado para come\u00e7ar \u00e0s 8h45. Entre \u00e0s 9h e 10h acontece a palestra e logo ap\u00f3s, os empres\u00e1rios poder\u00e3o voltar a se reunir para realizarem novos contatos e networking. \u201c\u00c9 uma oportunidade \u00fanica para os empres\u00e1rios e empreendedores adquirirem mais conhecimentos na \u00e1rea das finan\u00e7as\u201d, disse Brenda. \u201cHoje em dia, o mundo de neg\u00f3cios pede parcerias entre as empresas e o Caf\u00e9 de Neg\u00f3cios \u00e9 ideal para isso\u201d, acrescentou.<\/p>\n<p>As inscri\u00e7\u00f5es para participar do evento seguem abertas e podem ser realizadas atrav\u00e9s do telefone (32) 3250-6100, enviando mensagem para Novus, nas redes sociais da empresa ou atrav\u00e9s <a href=\"http:\/\/novuscontabilidade.com.br\/cafenegocios14\/\">deste link<\/a>.<\/p>\n<p>As vagas s\u00e3o gratuitas e limitadas. O evento ocorrer\u00e1 no audit\u00f3rio da Novus Assessoria Cont\u00e1bil, que fica localizado na Rua Tiradentes, n\u00ba 297, bairro Santa Helena, regi\u00e3o Central.<\/p>\n","protected":false},"excerpt":{"rendered":"<p>Com o tema &#8220;Intelig\u00eancia Financeira para Empres\u00e1rios&#8221; o Caf\u00e9 de Neg\u00f3cios chega a sua 14\u00aa edi\u00e7\u00e3o, promovendo networking e parcerias entre diversos empres\u00e1rios de Juiz de Fora e regi\u00e3o. Realizado pela Novus Assessoria Cont\u00e1bil, o evento, que acontece na pr\u00f3xima quinta-feira, 22, \u00e9 totalmente gratuito e contar\u00e1 com uma palestra do consultor financeiro Jorge Felipe. [&hellip;]<\/p>\n","protected":false},"author":96,"featured_media":94163,"comment_status":"closed","ping_status":"closed","sticky":false,"template":"","format":"standard","meta":{"footnotes":""},"categories":[253],"tags":[],"class_list":["post-94164","post","type-post","status-publish","format-standard","has-post-thumbnail","hentry","category-cidade"],"_links":{"self":[{"href":"https:\/\/diarioregionaldigital.com.br\/index.php?rest_route=\/wp\/v2\/posts\/94164","targetHints":{"allow":["GET"]}}],"collection":[{"href":"https:\/\/diarioregionaldigital.com.br\/index.php?rest_route=\/wp\/v2\/posts"}],"about":[{"href":"https:\/\/diarioregionaldigital.com.br\/index.php?rest_route=\/wp\/v2\/types\/post"}],"author":[{"embeddable":true,"href":"https:\/\/diarioregionaldigital.com.br\/index.php?rest_route=\/wp\/v2\/users\/96"}],"replies":[{"embeddable":true,"href":"https:\/\/diarioregionaldigital.com.br\/index.php?rest_route=%2Fwp%2Fv2%2Fcomments&post=94164"}],"version-history":[{"count":0,"href":"https:\/\/diarioregionaldigital.com.br\/index.php?rest_route=\/wp\/v2\/posts\/94164\/revisions"}],"wp:featuredmedia":[{"embeddable":true,"href":"https:\/\/diarioregionaldigital.com.br\/index.php?rest_route=\/wp\/v2\/media\/94163"}],"wp:attachment":[{"href":"https:\/\/diarioregionaldigital.com.br\/index.php?rest_route=%2Fwp%2Fv2%2Fmedia&parent=94164"}],"wp:term":[{"taxonomy":"category","embeddable":true,"href":"https:\/\/diarioregionaldigital.com.br\/index.php?rest_route=%2Fwp%2Fv2%2Fcategories&post=94164"},{"taxonomy":"post_tag","embeddable":true,"href":"https:\/\/diarioregionaldigital.com.br\/index.php?rest_route=%2Fwp%2Fv2%2Ftags&post=94164"}],"curies":[{"name":"wp","href":"https:\/\/api.w.org\/{rel}","templated":true}]}}