{"id":94160,"date":"2018-03-19T20:28:56","date_gmt":"2018-03-19T23:28:56","guid":{"rendered":"http:\/\/diarioregionaljf.com.br\/2018\/03\/19\/carmen-lucia-diz-que-julgamento-de-habeas-corpus-de-lula-depende-de-fachin\/"},"modified":"2018-03-19T20:28:56","modified_gmt":"2018-03-19T23:28:56","slug":"carmen-lucia-diz-que-julgamento-de-habeas-corpus-de-lula-depende-de-fachin","status":"publish","type":"post","link":"https:\/\/diarioregionaldigital.com.br\/?p=94160","title":{"rendered":"C\u00e1rmen L\u00facia diz que julgamento de habeas corpus de Lula depende de Fachin"},"content":{"rendered":"<p>A presidente do Supremo Tribunal Federal (STF), ministra C\u00e1rmen L\u00facia, disse nessa segunda-feira, 19, que depende do ministro-relator Edson Fachin, e n\u00e3o dela, o julgamento do habeas corpus do ex-presidente Luiz In\u00e1cio Lula da Silva, no plen\u00e1rio da Corte.<\/p>\n<p>\u201cO Supremo examinar\u00e1 assim que o ministro Edson Fachin levar em mesa, ou na Segunda Turma ou ao plen\u00e1rio\u201d, disse a ministra, em entrevista a uma r\u00e1dio. \u201cO relator \u00e9 o respons\u00e1vel por levar o processo e dizer a import\u00e2ncia do processo\u201d, acrescentou. \u201cQuando o relator levar, o habeas corpus tem prefer\u00eancia constitucional, porque lida com liberdade.\u201d<\/p>\n<p>Na mesma entrevista, C\u00e1rmen L\u00facia confirmou que haver\u00e1 uma reuni\u00e3o \u201cn\u00e3o formal\u201d entre os ministros do STF, provavelmente nesta ter\u00e7a-feira, 20, mas n\u00e3o quis revelar detalhes sobre a pauta do encontro, que disse ter sido convocado por ideia do decano da Corte, ministro Celso de Mello, um dos principais defensores da revis\u00e3o do entendimento sobre a pris\u00e3o em segunda inst\u00e2ncia.<\/p>\n<p>O STF vive um impasse sobre se condenados na segunda inst\u00e2ncia devem come\u00e7ar a cumprir pena de imediato, mesmo com recursos pendentes em cortes superiores e C\u00e1rmen L\u00facia, a quem cabe elaborar a pauta de julgamento em plen\u00e1rio, ainda n\u00e3o colocou o tema em discuss\u00e3o.<\/p>\n<p>Na semana passada, ao negar mais um pedido da defesa de Lula para que seja concedido o habeas corpus do ex-presidente, Fachin disse que n\u00e3o deve levar o assunto ao plen\u00e1rio em mesa sem que seja pautado por C\u00e1rmen L\u00facia, pois a elabora\u00e7\u00e3o da pauta de julgamentos \u201crecai sobre as elevadas atribui\u00e7\u00f5es da presid\u00eancia deste tribunal\u201d.<\/p>\n<p>Fonte: Ag\u00eancia Brasil<\/p>\n","protected":false},"excerpt":{"rendered":"<p>A presidente do Supremo Tribunal Federal (STF), ministra C\u00e1rmen L\u00facia, disse nessa segunda-feira, 19, que depende do ministro-relator Edson Fachin, e n\u00e3o dela, o julgamento do habeas corpus do ex-presidente Luiz In\u00e1cio Lula da Silva, no plen\u00e1rio da Corte. \u201cO Supremo examinar\u00e1 assim que o ministro Edson Fachin levar em mesa, ou na Segunda Turma [&hellip;]<\/p>\n","protected":false},"author":96,"featured_media":94159,"comment_status":"closed","ping_status":"closed","sticky":false,"template":"","format":"standard","meta":{"footnotes":""},"categories":[254],"tags":[],"class_list":["post-94160","post","type-post","status-publish","format-standard","has-post-thumbnail","hentry","category-politica"],"_links":{"self":[{"href":"https:\/\/diarioregionaldigital.com.br\/index.php?rest_route=\/wp\/v2\/posts\/94160","targetHints":{"allow":["GET"]}}],"collection":[{"href":"https:\/\/diarioregionaldigital.com.br\/index.php?rest_route=\/wp\/v2\/posts"}],"about":[{"href":"https:\/\/diarioregionaldigital.com.br\/index.php?rest_route=\/wp\/v2\/types\/post"}],"author":[{"embeddable":true,"href":"https:\/\/diarioregionaldigital.com.br\/index.php?rest_route=\/wp\/v2\/users\/96"}],"replies":[{"embeddable":true,"href":"https:\/\/diarioregionaldigital.com.br\/index.php?rest_route=%2Fwp%2Fv2%2Fcomments&post=94160"}],"version-history":[{"count":0,"href":"https:\/\/diarioregionaldigital.com.br\/index.php?rest_route=\/wp\/v2\/posts\/94160\/revisions"}],"wp:featuredmedia":[{"embeddable":true,"href":"https:\/\/diarioregionaldigital.com.br\/index.php?rest_route=\/wp\/v2\/media\/94159"}],"wp:attachment":[{"href":"https:\/\/diarioregionaldigital.com.br\/index.php?rest_route=%2Fwp%2Fv2%2Fmedia&parent=94160"}],"wp:term":[{"taxonomy":"category","embeddable":true,"href":"https:\/\/diarioregionaldigital.com.br\/index.php?rest_route=%2Fwp%2Fv2%2Fcategories&post=94160"},{"taxonomy":"post_tag","embeddable":true,"href":"https:\/\/diarioregionaldigital.com.br\/index.php?rest_route=%2Fwp%2Fv2%2Ftags&post=94160"}],"curies":[{"name":"wp","href":"https:\/\/api.w.org\/{rel}","templated":true}]}}