{"id":94158,"date":"2018-03-19T19:54:00","date_gmt":"2018-03-19T22:54:00","guid":{"rendered":"http:\/\/diarioregionaljf.com.br\/2018\/03\/19\/estado-reforca-importancia-da-vacinacao-contra-hpv-e-meningite-c\/"},"modified":"2018-03-19T19:54:00","modified_gmt":"2018-03-19T22:54:00","slug":"estado-reforca-importancia-da-vacinacao-contra-hpv-e-meningite-c","status":"publish","type":"post","link":"https:\/\/diarioregionaldigital.com.br\/?p=94158","title":{"rendered":"Estado refor\u00e7a import\u00e2ncia da vacina\u00e7\u00e3o contra HPV e meningite C"},"content":{"rendered":"<p>Com foco na preven\u00e7\u00e3o e buscando aumentar as coberturas vacinais no pa\u00eds, o Minist\u00e9rio da Sa\u00fade (MS) lan\u00e7ou a Campanha Publicit\u00e1ria de Mobiliza\u00e7\u00e3o e Comunica\u00e7\u00e3o para a Vacina\u00e7\u00e3o do Adolescente contra HPV e Meningites.<\/p>\n<p>Para refor\u00e7ar o alerta do Minist\u00e9rio da Sa\u00fade (MS), a Secretaria de Estado de Sa\u00fade de Minas Gerais (SES-MG) desdobra o assunto em suas redes sociais, destacando a import\u00e2ncia da vacina\u00e7\u00e3o, al\u00e9m de contar com um hotsite com informa\u00e7\u00f5es sobre as principais vacinas ofertadas pelo SUS no seguinte endere\u00e7o: www.saude.mg.gov.br\/vacinacao<\/p>\n<p>Apesar dessas vacinas estarem dispon\u00edveis durante todo o ano nas Unidades B\u00e1sicas de Sa\u00fade de todo o Brasil, a cobertura vacinal referente a essas doen\u00e7as ainda \u00e9 considerada baixa. Em Minas Gerais, estima-se que cerca de um milh\u00e3o e 300 mil adolescentes ainda n\u00e3o foram imunizados.<\/p>\n<h4>PREVEN\u00c7\u00c3O<\/h4>\n<p>A coordenadora de Imuniza\u00e7\u00e3o da SES-MG, Eva L\u00eddia Arcoverde, assegura que a vacina continua sendo a melhor forma de preven\u00e7\u00e3o.<\/p>\n<p>\u201cCom rela\u00e7\u00e3o \u00e0 vacina\u00e7\u00e3o de HPV entre o p\u00fablico de 9 a 14 anos, a cobertura vacinal ainda est\u00e1 muita baixa, sendo de 49% entre as meninas e de apenas 2% entre os meninos. J\u00e1 no que se refere \u00e0 meningite C, a cobertura vacinal entre adolescentes de 11 a 14 anos \u00e9 de 16,10%\u201d, explica Eva.<\/p>\n<p>Dessa forma, a coordenadora alerta que os respons\u00e1veis por jovens ainda n\u00e3o vacinados procurem a Unidade de Sa\u00fade mais pr\u00f3xima \u00e0 sua resid\u00eancia para que a imuniza\u00e7\u00e3o possa ser feita.<\/p>\n<p>\u201cTanto em Minas Gerais como no Brasil, os adolescentes s\u00e3o uma faixa et\u00e1ria mais dif\u00edcil para alcance da vacina\u00e7\u00e3o devido ao fato de n\u00e3o adoecerem e n\u00e3o procurarem os servi\u00e7os de sa\u00fade com frequ\u00eancia. Assim, a melhor estrat\u00e9gia para alcan\u00e7ar esse p\u00fablico \u00e9 a vacina\u00e7\u00e3o nas escolas. Por isso, neste ano de 2018, Minas continuar\u00e1 com a estrat\u00e9gia de atualiza\u00e7\u00e3o do cart\u00e3o de vacina\u00e7\u00e3o dos adolescentes nas escolas\u201d, explica a coordenadora.<\/p>\n<h4>HPV<\/h4>\n<p>O HPV \u00e9 causado pelo Papiloma V\u00edrus Humano. Seu cont\u00e1gio \u00e9, preferencialmente, por via sexual e a principal consequ\u00eancia s\u00e3o doen\u00e7as oncol\u00f3gicas provenientes da infec\u00e7\u00e3o.<\/p>\n<p>A maioria das pessoas que entram em contato com o HPV, se n\u00e3o desenvolverem les\u00f5es cl\u00ednicas (ex.: verrugas anogenitais) e se n\u00e3o realizarem testes laboratoriais, poder\u00e3o nunca ter a infec\u00e7\u00e3o diagnosticada.<\/p>\n<p>Outras informa\u00e7\u00f5es no hotsite: www.saude.mg.gov.br\/hpv<\/p>\n<h4>MENINGITE<\/h4>\n<p>A meningite \u00e9 uma doen\u00e7a que se caracteriza por um processo inflamat\u00f3rio nas membranas que envolvem o c\u00e9rebro e a medula espinhal. Ela pode ser causada por bact\u00e9rias, v\u00edrus, fungos e parasitas, mas os tipos causados por v\u00edrus e bact\u00e9rias s\u00e3o os mais importantes para a sa\u00fade p\u00fablica por conta do n\u00famero de casos, e por ter potencial para causar surtos.<\/p>\n<p>Outras informa\u00e7\u00f5es no hotsite: www.saude.mg.gov.br\/vacinacao<\/p>\n<h4>ESQUEMA VACINAL<\/h4>\n<p>Meninos entre 11 e 14 anos e meninas entre 9 e 14 anos devem tomar duas doses da vacina contra HPV, com intervalo de 6 meses entre uma e outra. Homens e mulheres que apresentem baixa imunidade recebem tr\u00eas doses na faixa et\u00e1ria de nove a 26 anos de idade, atrav\u00e9s do Centro de Refer\u00eancia de Imunobiol\u00f3gicos Especiais (CRIE).<\/p>\n<p>J\u00e1 com rela\u00e7\u00e3o \u00e0 meningite C, menores de um ano recebem duas doses, sendo a primeira aos tr\u00eas meses e a segunda aos cinco meses, com intervalo de 60 dias entre as doses.<\/p>\n<p>Crian\u00e7as com um ano completo (12 meses) devem receber um refor\u00e7o, que poder\u00e1 ser aplicado at\u00e9 os quatro anos, 11 meses e 29 dias de idade. Adolescentes entre 11 e 14 anos (meninos e meninas) precisam tomar uma dose \u00fanica ou refor\u00e7o.<\/p>\n<p>Vale destacar que, para adolescentes, a meta de vacina\u00e7\u00e3o contra HPV e meningite C \u00e9 de 80%. Ainda com rela\u00e7\u00e3o \u00e0 meningite C, para crian\u00e7as menores de 2 anos a meta \u00e9 de 95%. As vacinas contra HPV e meningite C est\u00e3o dispon\u00edveis em todas as Unidades B\u00e1sicas de Sa\u00fade do estado.<\/p>\n<h4>CART\u00c3O DE VACINA\u00c7\u00c3O<\/h4>\n<p>Eva L\u00eddia Arcoverde refor\u00e7a, ainda, a import\u00e2ncia de cuidar do cart\u00e3o de vacina\u00e7\u00e3o e mant\u00ea-lo atualizado.<\/p>\n<p>\u201cO cart\u00e3o de vacinas \u00e9 um documento t\u00e3o indispens\u00e1vel quanto o CPF, RG ou t\u00edtulo de eleitor. No entanto, para quem estiver sem o cart\u00e3o, por motivo de perda ou dano, a recomenda\u00e7\u00e3o \u00e9 procurar a unidade b\u00e1sica de sa\u00fade onde a pessoa costume se vacinar, pois l\u00e1 ter\u00e1 o cart\u00e3o espelho, documento que fica arquivado com os registros de doses que foram aplicadas, bem como as doses que dever\u00e3o ser administradas\u201d, orienta a coordenadora de Imuniza\u00e7\u00e3o da SES.<\/p>\n<p>Fonte: Ag\u00eancia Minas<\/p>\n","protected":false},"excerpt":{"rendered":"<p>Com foco na preven\u00e7\u00e3o e buscando aumentar as coberturas vacinais no pa\u00eds, o Minist\u00e9rio da Sa\u00fade (MS) lan\u00e7ou a Campanha Publicit\u00e1ria de Mobiliza\u00e7\u00e3o e Comunica\u00e7\u00e3o para a Vacina\u00e7\u00e3o do Adolescente contra HPV e Meningites. Para refor\u00e7ar o alerta do Minist\u00e9rio da Sa\u00fade (MS), a Secretaria de Estado de Sa\u00fade de Minas Gerais (SES-MG) desdobra o [&hellip;]<\/p>\n","protected":false},"author":96,"featured_media":94157,"comment_status":"closed","ping_status":"closed","sticky":false,"template":"","format":"standard","meta":{"footnotes":""},"categories":[252],"tags":[],"class_list":["post-94158","post","type-post","status-publish","format-standard","has-post-thumbnail","hentry","category-regiao"],"_links":{"self":[{"href":"https:\/\/diarioregionaldigital.com.br\/index.php?rest_route=\/wp\/v2\/posts\/94158","targetHints":{"allow":["GET"]}}],"collection":[{"href":"https:\/\/diarioregionaldigital.com.br\/index.php?rest_route=\/wp\/v2\/posts"}],"about":[{"href":"https:\/\/diarioregionaldigital.com.br\/index.php?rest_route=\/wp\/v2\/types\/post"}],"author":[{"embeddable":true,"href":"https:\/\/diarioregionaldigital.com.br\/index.php?rest_route=\/wp\/v2\/users\/96"}],"replies":[{"embeddable":true,"href":"https:\/\/diarioregionaldigital.com.br\/index.php?rest_route=%2Fwp%2Fv2%2Fcomments&post=94158"}],"version-history":[{"count":0,"href":"https:\/\/diarioregionaldigital.com.br\/index.php?rest_route=\/wp\/v2\/posts\/94158\/revisions"}],"wp:featuredmedia":[{"embeddable":true,"href":"https:\/\/diarioregionaldigital.com.br\/index.php?rest_route=\/wp\/v2\/media\/94157"}],"wp:attachment":[{"href":"https:\/\/diarioregionaldigital.com.br\/index.php?rest_route=%2Fwp%2Fv2%2Fmedia&parent=94158"}],"wp:term":[{"taxonomy":"category","embeddable":true,"href":"https:\/\/diarioregionaldigital.com.br\/index.php?rest_route=%2Fwp%2Fv2%2Fcategories&post=94158"},{"taxonomy":"post_tag","embeddable":true,"href":"https:\/\/diarioregionaldigital.com.br\/index.php?rest_route=%2Fwp%2Fv2%2Ftags&post=94158"}],"curies":[{"name":"wp","href":"https:\/\/api.w.org\/{rel}","templated":true}]}}