{"id":94156,"date":"2018-03-19T19:51:31","date_gmt":"2018-03-19T22:51:31","guid":{"rendered":"http:\/\/diarioregionaljf.com.br\/2018\/03\/19\/cemig-apresenta-recomendacoes-e-cuidados-para-a-utilizacao-de-dispositivos-moveis\/"},"modified":"2018-03-19T19:51:31","modified_gmt":"2018-03-19T22:51:31","slug":"cemig-apresenta-recomendacoes-e-cuidados-para-a-utilizacao-de-dispositivos-moveis","status":"publish","type":"post","link":"https:\/\/diarioregionaldigital.com.br\/?p=94156","title":{"rendered":"Cemig apresenta recomenda\u00e7\u00f5es e cuidados para a utiliza\u00e7\u00e3o de dispositivos m\u00f3veis"},"content":{"rendered":"<p>Os celulares e outros dispositivos m\u00f3veis fazem parte do dia a dia de grande parte da popula\u00e7\u00e3o. Mas, apesar de populares, esses aparelhos requerem cuidados para evitar poss\u00edveis acidentes com a rede el\u00e9trica.<\/p>\n<p>De acordo com o engenheiro de Seguran\u00e7a do Trabalho da Cemig, Demetrio Aguiar, o uso desses aparelhos, enquanto estiverem sendo recarregados, podendo ocasionar superaquecimento da bateria e dos componentes internos, o que pode resultar em explos\u00e3o ou danos irrecuper\u00e1veis ao dispositivo.<\/p>\n<p>O uso de carregadores n\u00e3o originais tamb\u00e9m pode danificar os aparelhos, j\u00e1 que sua produ\u00e7\u00e3o n\u00e3o atende aos padr\u00f5es internacionais exigidos pelos fabricantes dos aparelhos. At\u00e9 por isso, eles t\u00eam um pre\u00e7o bastante atrativo mas n\u00e3o trazem seguran\u00e7a no uso.<\/p>\n<p>\u201cOs carregadores \u2018piratas\u2019 s\u00e3o relativamente mais simplificados e alguns itens importantes para a seguran\u00e7a dos usu\u00e1rios s\u00e3o inexistentes. Nos casos em que o carregador apresenta defeito, h\u00e1 o risco de a tens\u00e3o de entrada, que \u00e9 de 127 ou 220 volts \u00e0 sa\u00edda, passar dessa normalidade, podendo energizar e danificar o aparelho, ocasionando, ainda, choque el\u00e9trico, explos\u00f5es e princ\u00edpios de inc\u00eandio. Por isso, o ideal \u00e9 desconect\u00e1-los do carregador ao atender chamadas ou enviar mensagens\u201d, afirma.<\/p>\n<p>O carregamento deve ser feito com o aparelho sobre uma superf\u00edcie lisa e bem ventilada, livre de materiais combust\u00edveis como tecidos de toalhas de mesa, cortinas, forra\u00e7\u00e3o de sof\u00e1s, entre outros. \u201cEm caso de princ\u00edpio de inc\u00eandio, tais materiais queimar\u00e3o com facilidade e propagar\u00e3o as chamas a outros c\u00f4modos da casa ou do apartamento\u201d, alerta.<\/p>\n<p>Demetrio Aguiar destaca tamb\u00e9m que os dispositivos m\u00f3veis devem ser evitados em alguns ambientes.<\/p>\n<p>\u201cO uso desses aparelhos nos banheiros e cozinhas \u00e9 ainda mais preocupante, pois esses locais cont\u00eam \u00e1gua nas pias, lavat\u00f3rios e vasos sanit\u00e1rios. Se o aparelho entrar em contato com \u00e1gua, ele pode danificar-se e, caso esteja conectado ao carregador, at\u00e9 provocar choque el\u00e9trico nas pessoas que o manuseiam\u201d, afirma.<\/p>\n<p>Outro alerta importante \u00e9 que, durante as tempestades, o uso do aparelho s\u00f3 poder\u00e1 ser feito se o aparelho n\u00e3o estiver conectado ao carregador.<\/p>\n<p>Fonte: Assessoria<\/p>\n","protected":false},"excerpt":{"rendered":"<p>Os celulares e outros dispositivos m\u00f3veis fazem parte do dia a dia de grande parte da popula\u00e7\u00e3o. Mas, apesar de populares, esses aparelhos requerem cuidados para evitar poss\u00edveis acidentes com a rede el\u00e9trica. De acordo com o engenheiro de Seguran\u00e7a do Trabalho da Cemig, Demetrio Aguiar, o uso desses aparelhos, enquanto estiverem sendo recarregados, podendo [&hellip;]<\/p>\n","protected":false},"author":96,"featured_media":94155,"comment_status":"closed","ping_status":"closed","sticky":false,"template":"","format":"standard","meta":{"footnotes":""},"categories":[253],"tags":[],"class_list":["post-94156","post","type-post","status-publish","format-standard","has-post-thumbnail","hentry","category-cidade"],"_links":{"self":[{"href":"https:\/\/diarioregionaldigital.com.br\/index.php?rest_route=\/wp\/v2\/posts\/94156","targetHints":{"allow":["GET"]}}],"collection":[{"href":"https:\/\/diarioregionaldigital.com.br\/index.php?rest_route=\/wp\/v2\/posts"}],"about":[{"href":"https:\/\/diarioregionaldigital.com.br\/index.php?rest_route=\/wp\/v2\/types\/post"}],"author":[{"embeddable":true,"href":"https:\/\/diarioregionaldigital.com.br\/index.php?rest_route=\/wp\/v2\/users\/96"}],"replies":[{"embeddable":true,"href":"https:\/\/diarioregionaldigital.com.br\/index.php?rest_route=%2Fwp%2Fv2%2Fcomments&post=94156"}],"version-history":[{"count":0,"href":"https:\/\/diarioregionaldigital.com.br\/index.php?rest_route=\/wp\/v2\/posts\/94156\/revisions"}],"wp:featuredmedia":[{"embeddable":true,"href":"https:\/\/diarioregionaldigital.com.br\/index.php?rest_route=\/wp\/v2\/media\/94155"}],"wp:attachment":[{"href":"https:\/\/diarioregionaldigital.com.br\/index.php?rest_route=%2Fwp%2Fv2%2Fmedia&parent=94156"}],"wp:term":[{"taxonomy":"category","embeddable":true,"href":"https:\/\/diarioregionaldigital.com.br\/index.php?rest_route=%2Fwp%2Fv2%2Fcategories&post=94156"},{"taxonomy":"post_tag","embeddable":true,"href":"https:\/\/diarioregionaldigital.com.br\/index.php?rest_route=%2Fwp%2Fv2%2Ftags&post=94156"}],"curies":[{"name":"wp","href":"https:\/\/api.w.org\/{rel}","templated":true}]}}