{"id":94138,"date":"2018-03-19T12:16:42","date_gmt":"2018-03-19T15:16:42","guid":{"rendered":"http:\/\/diarioregionaljf.com.br\/2018\/03\/19\/delegado-de-uba-descarta-participacao-de-dono-de-veiculo-na-morte-de-vereadora\/"},"modified":"2018-03-19T12:16:42","modified_gmt":"2018-03-19T15:16:42","slug":"delegado-de-uba-descarta-participacao-de-dono-de-veiculo-na-morte-de-vereadora","status":"publish","type":"post","link":"https:\/\/diarioregionaldigital.com.br\/?p=94138","title":{"rendered":"Delegado de Ub\u00e1 descarta participa\u00e7\u00e3o de dono de ve\u00edculo na morte de vereadora"},"content":{"rendered":"<p>O delegado Gutemberg Souza Filho, titular da delegacia de Ub\u00e1 (MG), descartou a participa\u00e7\u00e3o do propriet\u00e1rio do ve\u00edculo suspeito encontrado no munic\u00edpio, nesse domingo, 18, no assassinato da vereadora Marielle Franco (PSOL) e do motorista Anderson Gomes. O carro, da marca Renault, modelo Logan, \u00e9 semelhante a um dos ve\u00edculos usados na emboscada e foi localizado gra\u00e7as a uma den\u00fancia an\u00f4nima.<\/p>\n<p>O propriet\u00e1rio foi interrogado pela pol\u00edcia e, segundo o delegado, n\u00e3o h\u00e1 elementos que o liguem, em princ\u00edpio, \u00e0 morte de Marielle e Anderson. \u201cEle negou. N\u00e3o temos elementos para comprovar a participa\u00e7\u00e3o dele\u201d, disse Gutemberg.<\/p>\n<p>Segundo o delegado, o carro foi periciado, mas n\u00e3o houve ind\u00edcios de sua utiliza\u00e7\u00e3o no crime. Mesmo assim, o ve\u00edculo, que tem placa do Rio de Janeiro, continuar\u00e1 apreendido, para aprofundar a investiga\u00e7\u00e3o.<\/p>\n<p>Imagens de c\u00e2meras de seguran\u00e7a mostram que, al\u00e9m de um autom\u00f3vel Renault Logan, outro, da marca GM, modelo Cobalt, tamb\u00e9m participou da persegui\u00e7\u00e3o que terminou na morte de Marielle e Anderson, no bairro do Est\u00e1cio, na noite do dia 14.<\/p>\n<p>Fonte: Ag\u00eancia Brasil<\/p>\n","protected":false},"excerpt":{"rendered":"<p>O delegado Gutemberg Souza Filho, titular da delegacia de Ub\u00e1 (MG), descartou a participa\u00e7\u00e3o do propriet\u00e1rio do ve\u00edculo suspeito encontrado no munic\u00edpio, nesse domingo, 18, no assassinato da vereadora Marielle Franco (PSOL) e do motorista Anderson Gomes. O carro, da marca Renault, modelo Logan, \u00e9 semelhante a um dos ve\u00edculos usados na emboscada e foi [&hellip;]<\/p>\n","protected":false},"author":96,"featured_media":94137,"comment_status":"closed","ping_status":"closed","sticky":false,"template":"","format":"standard","meta":{"footnotes":""},"categories":[252],"tags":[],"class_list":["post-94138","post","type-post","status-publish","format-standard","has-post-thumbnail","hentry","category-regiao"],"_links":{"self":[{"href":"https:\/\/diarioregionaldigital.com.br\/index.php?rest_route=\/wp\/v2\/posts\/94138","targetHints":{"allow":["GET"]}}],"collection":[{"href":"https:\/\/diarioregionaldigital.com.br\/index.php?rest_route=\/wp\/v2\/posts"}],"about":[{"href":"https:\/\/diarioregionaldigital.com.br\/index.php?rest_route=\/wp\/v2\/types\/post"}],"author":[{"embeddable":true,"href":"https:\/\/diarioregionaldigital.com.br\/index.php?rest_route=\/wp\/v2\/users\/96"}],"replies":[{"embeddable":true,"href":"https:\/\/diarioregionaldigital.com.br\/index.php?rest_route=%2Fwp%2Fv2%2Fcomments&post=94138"}],"version-history":[{"count":0,"href":"https:\/\/diarioregionaldigital.com.br\/index.php?rest_route=\/wp\/v2\/posts\/94138\/revisions"}],"wp:featuredmedia":[{"embeddable":true,"href":"https:\/\/diarioregionaldigital.com.br\/index.php?rest_route=\/wp\/v2\/media\/94137"}],"wp:attachment":[{"href":"https:\/\/diarioregionaldigital.com.br\/index.php?rest_route=%2Fwp%2Fv2%2Fmedia&parent=94138"}],"wp:term":[{"taxonomy":"category","embeddable":true,"href":"https:\/\/diarioregionaldigital.com.br\/index.php?rest_route=%2Fwp%2Fv2%2Fcategories&post=94138"},{"taxonomy":"post_tag","embeddable":true,"href":"https:\/\/diarioregionaldigital.com.br\/index.php?rest_route=%2Fwp%2Fv2%2Ftags&post=94138"}],"curies":[{"name":"wp","href":"https:\/\/api.w.org\/{rel}","templated":true}]}}