{"id":94136,"date":"2018-03-19T12:08:36","date_gmt":"2018-03-19T15:08:36","guid":{"rendered":"http:\/\/diarioregionaljf.com.br\/2018\/03\/19\/mercado-financeiro-espera-que-inflacao-feche-o-ano-em-3-63\/"},"modified":"2018-03-19T12:08:36","modified_gmt":"2018-03-19T15:08:36","slug":"mercado-financeiro-espera-que-inflacao-feche-o-ano-em-3-63","status":"publish","type":"post","link":"https:\/\/diarioregionaldigital.com.br\/?p=94136","title":{"rendered":"Mercado financeiro espera que infla\u00e7\u00e3o feche o ano em 3,63%"},"content":{"rendered":"<p>O mercado financeiro reduziu pela s\u00e9tima semana seguida a proje\u00e7\u00e3o para a infla\u00e7\u00e3o este ano. A estimativa para o \u00cdndice Nacional de Pre\u00e7os ao Consumidor Amplo (IPCA) caiu de 3,67% para 3,63%, de acordo com o boletim Focus, publica\u00e7\u00e3o semanal do Banco Central (BC) sobre os principais indicadores econ\u00f4micos.<\/p>\n<p>A proje\u00e7\u00e3o segue abaixo do centro da meta de 4,5%, mas acima do limite inferior de 3%. Para 2019, a estimativa para a infla\u00e7\u00e3o est\u00e1 em 4,20%, um pouco abaixo do centro da meta: 4,25%.<\/p>\n<h4>TAXA B\u00c1SICA DE JUROS<\/h4>\n<p>Para alcan\u00e7ar a meta, o banco usa como principal instrumento a taxa b\u00e1sica de juros, a Selic, atualmente em 6,75% ao ano. Quando o Copom aumenta a Selic, o objetivo \u00e9 conter a demanda aquecida, e isso gera reflexos nos pre\u00e7os porque os juros mais altos encarecem o cr\u00e9dito e estimulam a poupan\u00e7a.<br \/>Quando o Copom diminui os juros b\u00e1sicos, a tend\u00eancia \u00e9 que o cr\u00e9dito fique mais barato, com incentivo \u00e0 produ\u00e7\u00e3o e ao consumo, reduzindo o controle sobre a infla\u00e7\u00e3o.<\/p>\n<p>De acordo com a previs\u00e3o das institui\u00e7\u00f5es financeiras, a Selic encerrar\u00e1 2018 em 6,50% ao ano e subir\u00e1 ao longo de 2019, encerrando o per\u00edodo em 8% ao ano. Para as institui\u00e7\u00f5es financeiras, o Copom deve reduzir a Selic em 0,25 ponto percentual na reuni\u00e3o deste m\u00eas.<\/p>\n<h4>ATIVIDADE ECON\u00d4MICA<\/h4>\n<p>A estimativa do mercado financeiro para a expans\u00e3o do Produto Interno Bruto (PIB), a soma de todos os bens e servi\u00e7os produzidos no pa\u00eds este ano, caiu pela segunda vez seguida, ao passar de 2,87% para 2,83%. Para 2019, a proje\u00e7\u00e3o segue em 3%.<\/p>\n<p>Fonte: Ag\u00eancia Brasil<\/p>\n","protected":false},"excerpt":{"rendered":"<p>O mercado financeiro reduziu pela s\u00e9tima semana seguida a proje\u00e7\u00e3o para a infla\u00e7\u00e3o este ano. A estimativa para o \u00cdndice Nacional de Pre\u00e7os ao Consumidor Amplo (IPCA) caiu de 3,67% para 3,63%, de acordo com o boletim Focus, publica\u00e7\u00e3o semanal do Banco Central (BC) sobre os principais indicadores econ\u00f4micos. A proje\u00e7\u00e3o segue abaixo do centro [&hellip;]<\/p>\n","protected":false},"author":96,"featured_media":94135,"comment_status":"closed","ping_status":"closed","sticky":false,"template":"","format":"standard","meta":{"footnotes":""},"categories":[261],"tags":[],"class_list":["post-94136","post","type-post","status-publish","format-standard","has-post-thumbnail","hentry","category-economia"],"_links":{"self":[{"href":"https:\/\/diarioregionaldigital.com.br\/index.php?rest_route=\/wp\/v2\/posts\/94136","targetHints":{"allow":["GET"]}}],"collection":[{"href":"https:\/\/diarioregionaldigital.com.br\/index.php?rest_route=\/wp\/v2\/posts"}],"about":[{"href":"https:\/\/diarioregionaldigital.com.br\/index.php?rest_route=\/wp\/v2\/types\/post"}],"author":[{"embeddable":true,"href":"https:\/\/diarioregionaldigital.com.br\/index.php?rest_route=\/wp\/v2\/users\/96"}],"replies":[{"embeddable":true,"href":"https:\/\/diarioregionaldigital.com.br\/index.php?rest_route=%2Fwp%2Fv2%2Fcomments&post=94136"}],"version-history":[{"count":0,"href":"https:\/\/diarioregionaldigital.com.br\/index.php?rest_route=\/wp\/v2\/posts\/94136\/revisions"}],"wp:featuredmedia":[{"embeddable":true,"href":"https:\/\/diarioregionaldigital.com.br\/index.php?rest_route=\/wp\/v2\/media\/94135"}],"wp:attachment":[{"href":"https:\/\/diarioregionaldigital.com.br\/index.php?rest_route=%2Fwp%2Fv2%2Fmedia&parent=94136"}],"wp:term":[{"taxonomy":"category","embeddable":true,"href":"https:\/\/diarioregionaldigital.com.br\/index.php?rest_route=%2Fwp%2Fv2%2Fcategories&post=94136"},{"taxonomy":"post_tag","embeddable":true,"href":"https:\/\/diarioregionaldigital.com.br\/index.php?rest_route=%2Fwp%2Fv2%2Ftags&post=94136"}],"curies":[{"name":"wp","href":"https:\/\/api.w.org\/{rel}","templated":true}]}}