{"id":94134,"date":"2018-03-19T12:01:43","date_gmt":"2018-03-19T15:01:43","guid":{"rendered":"http:\/\/diarioregionaljf.com.br\/2018\/03\/19\/comeca-nesta-segunda-feira-contagem-de-veiculos-na-regiao-do-bairro-estrela-sul\/"},"modified":"2018-03-19T12:01:43","modified_gmt":"2018-03-19T15:01:43","slug":"comeca-nesta-segunda-feira-contagem-de-veiculos-na-regiao-do-bairro-estrela-sul","status":"publish","type":"post","link":"https:\/\/diarioregionaldigital.com.br\/?p=94134","title":{"rendered":"Come\u00e7a nesta segunda-feira contagem de ve\u00edculos na regi\u00e3o do Bairro Estrela Sul"},"content":{"rendered":"<p>Ter\u00e1 in\u00edcio nesta segunda-feira, 19, e vai at\u00e9 quinta, 22, o processo de contagem de ve\u00edculos na regi\u00e3o do Bairro Estrela Sul. Esta iniciativa \u00e9 parceria p\u00fablico-privada, e busca solu\u00e7\u00e3o vi\u00e1ria para o tr\u00e1fego da regi\u00e3o. A opera\u00e7\u00e3o ter\u00e1 orienta\u00e7\u00e3o da Secretaria de Transporte e Tr\u00e2nsito (Settra) da Prefeitura de Juiz de Fora (PJF).<\/p>\n<p>Para o procedimento ser\u00e1 utilizado equipamento que far\u00e1 a grava\u00e7\u00e3o de imagens do tr\u00e1fego no local. Posteriormente, este dados ser\u00e3o lan\u00e7ados no simulador, que avaliar\u00e1 as poss\u00edveis solu\u00e7\u00f5es para o local.<\/p>\n<p>O secret\u00e1rio de Transporte e Tr\u00e2nsito, Rodrigo Tortoriello, ressaltou que este estudo nortear\u00e1 as a\u00e7\u00f5es da Settra para melhoria no tr\u00e1fego e na seguran\u00e7a do pedestre. Ele refor\u00e7ou ainda que o aparelho a ser utilizado para a contagem n\u00e3o \u00e9 radar: \u201c\u00c9 importante que a popula\u00e7\u00e3o n\u00e3o evite a \u00e1rea. As pessoas precisam manter o comportamento, para n\u00e3o obtermos resultado diferente do que presenciamos hoje. Vamos manter os h\u00e1bitos para reproduzir a realidade e conseguirmos \u00eaxito no levantamento. Este equipamento n\u00e3o \u00e9 de fiscaliza\u00e7\u00e3o\u201d.<\/p>\n<p>Rodrigo explicou tamb\u00e9m que ser\u00e1 poss\u00edvel estabelecer o quantitativo de pedestres, bicicletas, motos, autom\u00f3veis e caminh\u00f5es e entender o comportamento dos diferentes atores no tr\u00e2nsito deste local.<\/p>\n<h4>PROGRAMA\u00c7\u00c3O<\/h4>\n<p>A partir das 20 horas desta segunda-feira, at\u00e9 as 20 horas de ter\u00e7a, 20, um equipamento ficar\u00e1 posicionado na Avenida Presidente Itamar Franco com Estrada Dom Orione, e outro na Itamar Franco com Rua Vicente Begheli.<\/p>\n<p>De 21 horas de ter\u00e7a, at\u00e9 as 21 horas de quarta, 21, as filmagens ser\u00e3o feitas na Avenida Presidente Itamar Franco com Rua Francisco Vaz de Magalh\u00e3es e na Itamar Franco com Rua Dr. Luiz Gonzaga de Ara\u00fajo Evangelista.<\/p>\n<p>Das 22 horas de quarta at\u00e9 as 22 horas de quinta, 22, as grava\u00e7\u00f5es de tr\u00e1fego estar\u00e3o na Rua Dr. Luiz Gonzaga de Ara\u00fajo Evangelista com Ladeira Alexandre Leonel e Ladeira Alexandre Leonel com entrada e sa\u00edda do Supermercardo Bretas.<\/p>\n<p>Fonte: Assessoria \/ PJF<\/p>\n","protected":false},"excerpt":{"rendered":"<p>Ter\u00e1 in\u00edcio nesta segunda-feira, 19, e vai at\u00e9 quinta, 22, o processo de contagem de ve\u00edculos na regi\u00e3o do Bairro Estrela Sul. Esta iniciativa \u00e9 parceria p\u00fablico-privada, e busca solu\u00e7\u00e3o vi\u00e1ria para o tr\u00e1fego da regi\u00e3o. A opera\u00e7\u00e3o ter\u00e1 orienta\u00e7\u00e3o da Secretaria de Transporte e Tr\u00e2nsito (Settra) da Prefeitura de Juiz de Fora (PJF). Para [&hellip;]<\/p>\n","protected":false},"author":96,"featured_media":0,"comment_status":"closed","ping_status":"closed","sticky":false,"template":"","format":"standard","meta":{"footnotes":""},"categories":[253],"tags":[],"class_list":["post-94134","post","type-post","status-publish","format-standard","hentry","category-cidade"],"_links":{"self":[{"href":"https:\/\/diarioregionaldigital.com.br\/index.php?rest_route=\/wp\/v2\/posts\/94134","targetHints":{"allow":["GET"]}}],"collection":[{"href":"https:\/\/diarioregionaldigital.com.br\/index.php?rest_route=\/wp\/v2\/posts"}],"about":[{"href":"https:\/\/diarioregionaldigital.com.br\/index.php?rest_route=\/wp\/v2\/types\/post"}],"author":[{"embeddable":true,"href":"https:\/\/diarioregionaldigital.com.br\/index.php?rest_route=\/wp\/v2\/users\/96"}],"replies":[{"embeddable":true,"href":"https:\/\/diarioregionaldigital.com.br\/index.php?rest_route=%2Fwp%2Fv2%2Fcomments&post=94134"}],"version-history":[{"count":0,"href":"https:\/\/diarioregionaldigital.com.br\/index.php?rest_route=\/wp\/v2\/posts\/94134\/revisions"}],"wp:attachment":[{"href":"https:\/\/diarioregionaldigital.com.br\/index.php?rest_route=%2Fwp%2Fv2%2Fmedia&parent=94134"}],"wp:term":[{"taxonomy":"category","embeddable":true,"href":"https:\/\/diarioregionaldigital.com.br\/index.php?rest_route=%2Fwp%2Fv2%2Fcategories&post=94134"},{"taxonomy":"post_tag","embeddable":true,"href":"https:\/\/diarioregionaldigital.com.br\/index.php?rest_route=%2Fwp%2Fv2%2Ftags&post=94134"}],"curies":[{"name":"wp","href":"https:\/\/api.w.org\/{rel}","templated":true}]}}