{"id":94133,"date":"2018-03-19T11:58:51","date_gmt":"2018-03-19T14:58:51","guid":{"rendered":"http:\/\/diarioregionaljf.com.br\/2018\/03\/19\/jovem-e-esfaqueado-na-cabeca-no-santa-terezinha\/"},"modified":"2018-03-19T11:58:51","modified_gmt":"2018-03-19T14:58:51","slug":"jovem-e-esfaqueado-na-cabeca-no-santa-terezinha","status":"publish","type":"post","link":"https:\/\/diarioregionaldigital.com.br\/?p=94133","title":{"rendered":"Jovem \u00e9 esfaqueado na cabe\u00e7a no Santa Terezinha"},"content":{"rendered":"<p>Um jovem de 22 anos foi esfaqueado na cabe\u00e7a na Rua Cust\u00f3dio Trist\u00e3o, bairro Santa Terezinha, regi\u00e3o Nordeste de Juiz de Fora, na manh\u00e3 desse domingo, 18.<\/p>\n<p>Segundo informa\u00e7\u00f5es da Pol\u00edcia Militar (PM), uma viatura compareceu ao local para dar apoio \u00e0 equipe do Servi\u00e7o de Atendimento M\u00f3vel de Urg\u00eancia (SAMU) e os militares encontraram a v\u00edtima ca\u00edda sobre solo, com um ferimento na cabe\u00e7a. O jovem foi medicado e conduzido ao Hospital de Pronto Socorro (HPS).<\/p>\n<p>Uma testemunha relatou ter visto um outro jovem, de 19 anos, queimando pertences da v\u00edtima antes da chegada da equipe m\u00e9dica. O autor foi preso em flagrante por omiss\u00e3o de socorro. Com o mesmo foi encontrada uma faca com cabo de madeira e uma por\u00e7\u00e3o de maconha.<br \/>No HPS, os militares entraram em contato com a namorada da v\u00edtima, que apontou outro homem, de 40 anos, como suspeito de envolvimento na a\u00e7\u00e3o. Ela relatou que, durante a madrugada, o mesmo estava \u00e0 procura do jovem e que ambos haviam tido desaven\u00e7as em outras ocasi\u00f5es.<\/p>\n<p>O suspeito foi localizado ap\u00f3s rastreamento. Durante buscas em seu ve\u00edculo, foi encontrada uma faca, que ele alegou ser usada para manuten\u00e7\u00e3o do carro. O autor foi preso por porte ilegal de arma branca e conduzido \u00e0 presen\u00e7a da autoridade de policia judici\u00e1ria para as demais provid\u00eancias.<\/p>\n<p>A v\u00edtima ficou internada sob cuidados m\u00e9dicos.<\/p>\n","protected":false},"excerpt":{"rendered":"<p>Um jovem de 22 anos foi esfaqueado na cabe\u00e7a na Rua Cust\u00f3dio Trist\u00e3o, bairro Santa Terezinha, regi\u00e3o Nordeste de Juiz de Fora, na manh\u00e3 desse domingo, 18. Segundo informa\u00e7\u00f5es da Pol\u00edcia Militar (PM), uma viatura compareceu ao local para dar apoio \u00e0 equipe do Servi\u00e7o de Atendimento M\u00f3vel de Urg\u00eancia (SAMU) e os militares encontraram [&hellip;]<\/p>\n","protected":false},"author":96,"featured_media":94132,"comment_status":"closed","ping_status":"closed","sticky":false,"template":"","format":"standard","meta":{"footnotes":""},"categories":[301],"tags":[],"class_list":["post-94133","post","type-post","status-publish","format-standard","has-post-thumbnail","hentry","category-artigos-policiais"],"_links":{"self":[{"href":"https:\/\/diarioregionaldigital.com.br\/index.php?rest_route=\/wp\/v2\/posts\/94133","targetHints":{"allow":["GET"]}}],"collection":[{"href":"https:\/\/diarioregionaldigital.com.br\/index.php?rest_route=\/wp\/v2\/posts"}],"about":[{"href":"https:\/\/diarioregionaldigital.com.br\/index.php?rest_route=\/wp\/v2\/types\/post"}],"author":[{"embeddable":true,"href":"https:\/\/diarioregionaldigital.com.br\/index.php?rest_route=\/wp\/v2\/users\/96"}],"replies":[{"embeddable":true,"href":"https:\/\/diarioregionaldigital.com.br\/index.php?rest_route=%2Fwp%2Fv2%2Fcomments&post=94133"}],"version-history":[{"count":0,"href":"https:\/\/diarioregionaldigital.com.br\/index.php?rest_route=\/wp\/v2\/posts\/94133\/revisions"}],"wp:featuredmedia":[{"embeddable":true,"href":"https:\/\/diarioregionaldigital.com.br\/index.php?rest_route=\/wp\/v2\/media\/94132"}],"wp:attachment":[{"href":"https:\/\/diarioregionaldigital.com.br\/index.php?rest_route=%2Fwp%2Fv2%2Fmedia&parent=94133"}],"wp:term":[{"taxonomy":"category","embeddable":true,"href":"https:\/\/diarioregionaldigital.com.br\/index.php?rest_route=%2Fwp%2Fv2%2Fcategories&post=94133"},{"taxonomy":"post_tag","embeddable":true,"href":"https:\/\/diarioregionaldigital.com.br\/index.php?rest_route=%2Fwp%2Fv2%2Ftags&post=94133"}],"curies":[{"name":"wp","href":"https:\/\/api.w.org\/{rel}","templated":true}]}}