{"id":94129,"date":"2018-03-19T11:14:25","date_gmt":"2018-03-19T14:14:25","guid":{"rendered":"http:\/\/diarioregionaljf.com.br\/2018\/03\/19\/homem-vai-parar-no-hps-apos-ser-agredido-em-assalto-no-sao-mateus\/"},"modified":"2018-03-19T11:14:25","modified_gmt":"2018-03-19T14:14:25","slug":"homem-vai-parar-no-hps-apos-ser-agredido-em-assalto-no-sao-mateus","status":"publish","type":"post","link":"https:\/\/diarioregionaldigital.com.br\/?p=94129","title":{"rendered":"Homem vai parar no HPS ap\u00f3s ser agredido em assalto no S\u00e3o Mateus"},"content":{"rendered":"<p>Um homem de 32 anos sofreu um ferimento na cabe\u00e7a, vindo a apresentar traumatismo leve, e ficou com hematomas no rosto durante um assalto no bairro S\u00e3o Mateus, regi\u00e3o central, na madrugada desse domingo, 18. Ele foi socorrido ao Hospital de Pronto Socorro (HPS), onde foi medicado e liberado.<\/p>\n<p>Conforme registro da ocorr\u00eancia na Pol\u00edcia Militar (PM), a v\u00edtima relatou que transitava na Rua Padre Caf\u00e9, esquina com a Rua C\u00e2ndido Tostes, quando foi agredida por dois homens e uma mulher. Os autores roubaram um aparelho celular e R$150, fugindo em sequ\u00eancia.<\/p>\n<p>Dois dos envolvidos, jovens de 20 e 23 anos, foram identificados pela v\u00edtima por meio de fotos apresentadas pela PM. O registro de ocorr\u00eancia n\u00e3o informa se os mesmos foram localizados e detidos.<\/p>\n","protected":false},"excerpt":{"rendered":"<p>Um homem de 32 anos sofreu um ferimento na cabe\u00e7a, vindo a apresentar traumatismo leve, e ficou com hematomas no rosto durante um assalto no bairro S\u00e3o Mateus, regi\u00e3o central, na madrugada desse domingo, 18. Ele foi socorrido ao Hospital de Pronto Socorro (HPS), onde foi medicado e liberado. Conforme registro da ocorr\u00eancia na Pol\u00edcia [&hellip;]<\/p>\n","protected":false},"author":96,"featured_media":94128,"comment_status":"closed","ping_status":"closed","sticky":false,"template":"","format":"standard","meta":{"footnotes":""},"categories":[301],"tags":[],"class_list":["post-94129","post","type-post","status-publish","format-standard","has-post-thumbnail","hentry","category-artigos-policiais"],"_links":{"self":[{"href":"https:\/\/diarioregionaldigital.com.br\/index.php?rest_route=\/wp\/v2\/posts\/94129","targetHints":{"allow":["GET"]}}],"collection":[{"href":"https:\/\/diarioregionaldigital.com.br\/index.php?rest_route=\/wp\/v2\/posts"}],"about":[{"href":"https:\/\/diarioregionaldigital.com.br\/index.php?rest_route=\/wp\/v2\/types\/post"}],"author":[{"embeddable":true,"href":"https:\/\/diarioregionaldigital.com.br\/index.php?rest_route=\/wp\/v2\/users\/96"}],"replies":[{"embeddable":true,"href":"https:\/\/diarioregionaldigital.com.br\/index.php?rest_route=%2Fwp%2Fv2%2Fcomments&post=94129"}],"version-history":[{"count":0,"href":"https:\/\/diarioregionaldigital.com.br\/index.php?rest_route=\/wp\/v2\/posts\/94129\/revisions"}],"wp:featuredmedia":[{"embeddable":true,"href":"https:\/\/diarioregionaldigital.com.br\/index.php?rest_route=\/wp\/v2\/media\/94128"}],"wp:attachment":[{"href":"https:\/\/diarioregionaldigital.com.br\/index.php?rest_route=%2Fwp%2Fv2%2Fmedia&parent=94129"}],"wp:term":[{"taxonomy":"category","embeddable":true,"href":"https:\/\/diarioregionaldigital.com.br\/index.php?rest_route=%2Fwp%2Fv2%2Fcategories&post=94129"},{"taxonomy":"post_tag","embeddable":true,"href":"https:\/\/diarioregionaldigital.com.br\/index.php?rest_route=%2Fwp%2Fv2%2Ftags&post=94129"}],"curies":[{"name":"wp","href":"https:\/\/api.w.org\/{rel}","templated":true}]}}