{"id":94127,"date":"2018-03-19T10:56:11","date_gmt":"2018-03-19T13:56:11","guid":{"rendered":"http:\/\/diarioregionaljf.com.br\/2018\/03\/19\/governo-vai-liberar-credito-extraordinario-para-intervencao-no-rio-de-janeiro\/"},"modified":"2018-03-19T10:56:11","modified_gmt":"2018-03-19T13:56:11","slug":"governo-vai-liberar-credito-extraordinario-para-intervencao-no-rio-de-janeiro","status":"publish","type":"post","link":"https:\/\/diarioregionaldigital.com.br\/?p=94127","title":{"rendered":"Governo vai liberar cr\u00e9dito extraordin\u00e1rio para interven\u00e7\u00e3o no Rio de Janeiro"},"content":{"rendered":"<p>O presidente Michel Temer reuniu-se com ministros na noite desse domingo, 18, no Pal\u00e1cio da Alvorada, em Bras\u00edlia, para tratar do tema seguran\u00e7a p\u00fablica. Na sa\u00edda da reuni\u00e3o, o ministro do Planejamento, Desenvolvimento e Gest\u00e3o, Dyogo Oliveira, disse que o governo ir\u00e1 liberar um cr\u00e9dito extraordin\u00e1rio para a interven\u00e7\u00e3o na seguran\u00e7a p\u00fablica do Rio de Janeiro. Tamb\u00e9m ser\u00e3o liberados mais recursos para o Minist\u00e9rio Extraordin\u00e1rio da Seguran\u00e7a P\u00fablica. O ministro afirmou que ainda n\u00e3o foram definidos os valores, nem as fontes do Or\u00e7amento que ser\u00e3o usadas.<\/p>\n<p>\u201cFicou encaminhado da seguinte maneira: n\u00f3s teremos para o Rio de Janeiro um cr\u00e9dito extraordin\u00e1rio, cujos valores ainda est\u00e3o sendo levantados pelo Minist\u00e9rio da Seguran\u00e7a P\u00fablica e pelo interventor. Deveremos ter isso at\u00e9 o final desta semana enviado ao Congresso Nacional\u201d, disse.<\/p>\n<p>\u201cAl\u00e9m disso, teremos recursos para o Minist\u00e9rio da Seguran\u00e7a P\u00fablica nas suas atividades e para implementar sua pol\u00edtica junto aos estados e ao sistema de seguran\u00e7a p\u00fablica. Ser\u00e1 feito atrav\u00e9s de um projeto de lei de cr\u00e9dito especial que tamb\u00e9m ser\u00e1 enviado at\u00e9 o final da semana. As fontes desse cr\u00e9dito extraordin\u00e1rio ainda n\u00e3o foram completamente definidas. Estaremos nos pr\u00f3ximos dias elaborando as fontes dentro do Or\u00e7amento que ser\u00e3o remanejadas para atender a essa demanda da \u00e1rea de seguran\u00e7a\u201d, informou.<\/p>\n<p>Participaram do encontro os ministros Extraordin\u00e1rio da Seguran\u00e7a P\u00fablica, Raul Jungmann; da Justi\u00e7a, Torquato Jardim; do Planejamento, Desenvolvimento e Gest\u00e3o, Dyogo Oliveira; da Secretaria-Geral da Presid\u00eancia da Rep\u00fablica, Moreira Franco; da Casa Civil da Presid\u00eancia da Rep\u00fablica, Eliseu Padilha; e do Gabinete de Seguran\u00e7a Institucional da Presid\u00eancia da Rep\u00fablica, S\u00e9rgio Etchegoyen.<\/p>\n<p>&nbsp;<\/p>\n<p>Fonte: Ag\u00eancia Brasil<\/p>\n","protected":false},"excerpt":{"rendered":"<p>O presidente Michel Temer reuniu-se com ministros na noite desse domingo, 18, no Pal\u00e1cio da Alvorada, em Bras\u00edlia, para tratar do tema seguran\u00e7a p\u00fablica. Na sa\u00edda da reuni\u00e3o, o ministro do Planejamento, Desenvolvimento e Gest\u00e3o, Dyogo Oliveira, disse que o governo ir\u00e1 liberar um cr\u00e9dito extraordin\u00e1rio para a interven\u00e7\u00e3o na seguran\u00e7a p\u00fablica do Rio de [&hellip;]<\/p>\n","protected":false},"author":96,"featured_media":94126,"comment_status":"closed","ping_status":"closed","sticky":false,"template":"","format":"standard","meta":{"footnotes":""},"categories":[254],"tags":[],"class_list":["post-94127","post","type-post","status-publish","format-standard","has-post-thumbnail","hentry","category-politica"],"_links":{"self":[{"href":"https:\/\/diarioregionaldigital.com.br\/index.php?rest_route=\/wp\/v2\/posts\/94127","targetHints":{"allow":["GET"]}}],"collection":[{"href":"https:\/\/diarioregionaldigital.com.br\/index.php?rest_route=\/wp\/v2\/posts"}],"about":[{"href":"https:\/\/diarioregionaldigital.com.br\/index.php?rest_route=\/wp\/v2\/types\/post"}],"author":[{"embeddable":true,"href":"https:\/\/diarioregionaldigital.com.br\/index.php?rest_route=\/wp\/v2\/users\/96"}],"replies":[{"embeddable":true,"href":"https:\/\/diarioregionaldigital.com.br\/index.php?rest_route=%2Fwp%2Fv2%2Fcomments&post=94127"}],"version-history":[{"count":0,"href":"https:\/\/diarioregionaldigital.com.br\/index.php?rest_route=\/wp\/v2\/posts\/94127\/revisions"}],"wp:featuredmedia":[{"embeddable":true,"href":"https:\/\/diarioregionaldigital.com.br\/index.php?rest_route=\/wp\/v2\/media\/94126"}],"wp:attachment":[{"href":"https:\/\/diarioregionaldigital.com.br\/index.php?rest_route=%2Fwp%2Fv2%2Fmedia&parent=94127"}],"wp:term":[{"taxonomy":"category","embeddable":true,"href":"https:\/\/diarioregionaldigital.com.br\/index.php?rest_route=%2Fwp%2Fv2%2Fcategories&post=94127"},{"taxonomy":"post_tag","embeddable":true,"href":"https:\/\/diarioregionaldigital.com.br\/index.php?rest_route=%2Fwp%2Fv2%2Ftags&post=94127"}],"curies":[{"name":"wp","href":"https:\/\/api.w.org\/{rel}","templated":true}]}}