{"id":94125,"date":"2018-03-19T10:46:35","date_gmt":"2018-03-19T13:46:35","guid":{"rendered":"http:\/\/diarioregionaljf.com.br\/2018\/03\/19\/dupla-e-presa-apos-agredir-e-assaltar-homem-na-praca-antonio-carlos\/"},"modified":"2018-03-19T10:46:35","modified_gmt":"2018-03-19T13:46:35","slug":"dupla-e-presa-apos-agredir-e-assaltar-homem-na-praca-antonio-carlos","status":"publish","type":"post","link":"https:\/\/diarioregionaldigital.com.br\/?p=94125","title":{"rendered":"Dupla \u00e9 presa ap\u00f3s agredir e assaltar homem na Pra\u00e7a Ant\u00f4nio Carlos"},"content":{"rendered":"<p>Dois jovens, de 18 e 23 anos, foram detidos ap\u00f3s agredir e assaltar um homem de 30 anos na Pra\u00e7a Ant\u00f4nio Carlos, centro de Juiz de Fora, na tarde desse domingo, 18.<\/p>\n<p>De acordo com informa\u00e7\u00f5es do Boletim de Ocorr\u00eancia (BO) da Pol\u00edcia Militar (PM), a v\u00edtima relatou que foi abordada e agredida com chutes e socos pelos autores. Durante a a\u00e7\u00e3o, um deles arrancou da v\u00edtima um cord\u00e3o, um bon\u00e9, um carregador de celular e a carteira, que continha R$220. Na sequ\u00eancia, a dupla fugiu a p\u00e9.<\/p>\n<p>Durante rastreamento, os autores foram localizados e, com eles, os militares encontraram os objetos roubados. Os jovens foram presos em flagrante e conduzidos \u00e0 delegacia.<\/p>\n","protected":false},"excerpt":{"rendered":"<p>Dois jovens, de 18 e 23 anos, foram detidos ap\u00f3s agredir e assaltar um homem de 30 anos na Pra\u00e7a Ant\u00f4nio Carlos, centro de Juiz de Fora, na tarde desse domingo, 18. De acordo com informa\u00e7\u00f5es do Boletim de Ocorr\u00eancia (BO) da Pol\u00edcia Militar (PM), a v\u00edtima relatou que foi abordada e agredida com chutes [&hellip;]<\/p>\n","protected":false},"author":96,"featured_media":94124,"comment_status":"closed","ping_status":"closed","sticky":false,"template":"","format":"standard","meta":{"footnotes":""},"categories":[301],"tags":[],"class_list":["post-94125","post","type-post","status-publish","format-standard","has-post-thumbnail","hentry","category-artigos-policiais"],"_links":{"self":[{"href":"https:\/\/diarioregionaldigital.com.br\/index.php?rest_route=\/wp\/v2\/posts\/94125","targetHints":{"allow":["GET"]}}],"collection":[{"href":"https:\/\/diarioregionaldigital.com.br\/index.php?rest_route=\/wp\/v2\/posts"}],"about":[{"href":"https:\/\/diarioregionaldigital.com.br\/index.php?rest_route=\/wp\/v2\/types\/post"}],"author":[{"embeddable":true,"href":"https:\/\/diarioregionaldigital.com.br\/index.php?rest_route=\/wp\/v2\/users\/96"}],"replies":[{"embeddable":true,"href":"https:\/\/diarioregionaldigital.com.br\/index.php?rest_route=%2Fwp%2Fv2%2Fcomments&post=94125"}],"version-history":[{"count":0,"href":"https:\/\/diarioregionaldigital.com.br\/index.php?rest_route=\/wp\/v2\/posts\/94125\/revisions"}],"wp:featuredmedia":[{"embeddable":true,"href":"https:\/\/diarioregionaldigital.com.br\/index.php?rest_route=\/wp\/v2\/media\/94124"}],"wp:attachment":[{"href":"https:\/\/diarioregionaldigital.com.br\/index.php?rest_route=%2Fwp%2Fv2%2Fmedia&parent=94125"}],"wp:term":[{"taxonomy":"category","embeddable":true,"href":"https:\/\/diarioregionaldigital.com.br\/index.php?rest_route=%2Fwp%2Fv2%2Fcategories&post=94125"},{"taxonomy":"post_tag","embeddable":true,"href":"https:\/\/diarioregionaldigital.com.br\/index.php?rest_route=%2Fwp%2Fv2%2Ftags&post=94125"}],"curies":[{"name":"wp","href":"https:\/\/api.w.org\/{rel}","templated":true}]}}