{"id":94117,"date":"2018-03-18T19:07:38","date_gmt":"2018-03-18T22:07:38","guid":{"rendered":"http:\/\/diarioregionaljf.com.br\/2018\/03\/18\/guerrero-tem-contrato-reativado-e-deve-voltar-a-treinar-na-proxima-semana\/"},"modified":"2018-03-18T19:07:38","modified_gmt":"2018-03-18T22:07:38","slug":"guerrero-tem-contrato-reativado-e-deve-voltar-a-treinar-na-proxima-semana","status":"publish","type":"post","link":"https:\/\/diarioregionaldigital.com.br\/?p=94117","title":{"rendered":"Guerrero tem contrato reativado e deve voltar a treinar na pr\u00f3xima semana"},"content":{"rendered":"<p>Mesmo sob suspens\u00e3o imposta pela Fifa desde novembro, o atacante Paolo Guerrero teve seu contrato reativado pelo Flamengo&nbsp;nesta quinta-feira, 14. O peruano dever\u00e1 retornar aos treinos no Ninho do Urubu na pr\u00f3xima ter\u00e7a-feira, mas com restri\u00e7\u00f5es.<\/p>\n<p>Guerrero poder\u00e1 voltar aos trabalhos no clube 45 dias antes do fim de sua suspens\u00e3o, respeitando o regulamento antidoping da Fifa. Com isso, o atacante vai iniciar os treinos para poder refor\u00e7ar o Flamengo antes da Copa do Mundo, quando vai defender a sele\u00e7\u00e3o peruana.<\/p>\n<p>O Rubro-Negro optou por suspender o contrato do atacante quando Guerrero recebeu a primeira puni\u00e7\u00e3o pelo doping, em novembro. Neste per\u00edodo, os rubro-negros economizaram cerca de R$ 800 mil mensais.<\/p>\n<p>Agora, a diretoria negocia a amplia\u00e7\u00e3o do v\u00ednculo do atleta at\u00e9 pelo menos o fim desta temporada, j\u00e1 que o peruano tem contrato at\u00e9 o in\u00edcio de agosto.<\/p>\n","protected":false},"excerpt":{"rendered":"<p>Mesmo sob suspens\u00e3o imposta pela Fifa desde novembro, o atacante Paolo Guerrero teve seu contrato reativado pelo Flamengo&nbsp;nesta quinta-feira, 14. O peruano dever\u00e1 retornar aos treinos no Ninho do Urubu na pr\u00f3xima ter\u00e7a-feira, mas com restri\u00e7\u00f5es. Guerrero poder\u00e1 voltar aos trabalhos no clube 45 dias antes do fim de sua suspens\u00e3o, respeitando o regulamento antidoping [&hellip;]<\/p>\n","protected":false},"author":96,"featured_media":94116,"comment_status":"closed","ping_status":"closed","sticky":false,"template":"","format":"standard","meta":{"footnotes":""},"categories":[257],"tags":[],"class_list":["post-94117","post","type-post","status-publish","format-standard","has-post-thumbnail","hentry","category-esporte"],"_links":{"self":[{"href":"https:\/\/diarioregionaldigital.com.br\/index.php?rest_route=\/wp\/v2\/posts\/94117","targetHints":{"allow":["GET"]}}],"collection":[{"href":"https:\/\/diarioregionaldigital.com.br\/index.php?rest_route=\/wp\/v2\/posts"}],"about":[{"href":"https:\/\/diarioregionaldigital.com.br\/index.php?rest_route=\/wp\/v2\/types\/post"}],"author":[{"embeddable":true,"href":"https:\/\/diarioregionaldigital.com.br\/index.php?rest_route=\/wp\/v2\/users\/96"}],"replies":[{"embeddable":true,"href":"https:\/\/diarioregionaldigital.com.br\/index.php?rest_route=%2Fwp%2Fv2%2Fcomments&post=94117"}],"version-history":[{"count":0,"href":"https:\/\/diarioregionaldigital.com.br\/index.php?rest_route=\/wp\/v2\/posts\/94117\/revisions"}],"wp:featuredmedia":[{"embeddable":true,"href":"https:\/\/diarioregionaldigital.com.br\/index.php?rest_route=\/wp\/v2\/media\/94116"}],"wp:attachment":[{"href":"https:\/\/diarioregionaldigital.com.br\/index.php?rest_route=%2Fwp%2Fv2%2Fmedia&parent=94117"}],"wp:term":[{"taxonomy":"category","embeddable":true,"href":"https:\/\/diarioregionaldigital.com.br\/index.php?rest_route=%2Fwp%2Fv2%2Fcategories&post=94117"},{"taxonomy":"post_tag","embeddable":true,"href":"https:\/\/diarioregionaldigital.com.br\/index.php?rest_route=%2Fwp%2Fv2%2Ftags&post=94117"}],"curies":[{"name":"wp","href":"https:\/\/api.w.org\/{rel}","templated":true}]}}