{"id":94115,"date":"2018-03-18T19:04:38","date_gmt":"2018-03-18T22:04:38","guid":{"rendered":"http:\/\/diarioregionaljf.com.br\/2018\/03\/18\/fifa-divulga-ranking-de-melhores-selecoes-da-copa-e-brasil-segue-na-2-posicao\/"},"modified":"2018-03-18T19:04:38","modified_gmt":"2018-03-18T22:04:38","slug":"fifa-divulga-ranking-de-melhores-selecoes-da-copa-e-brasil-segue-na-2-posicao","status":"publish","type":"post","link":"https:\/\/diarioregionaldigital.com.br\/?p=94115","title":{"rendered":"Fifa divulga ranking de melhores sele\u00e7\u00f5es da Copa e Brasil segue na 2\u00aa posi\u00e7\u00e3o"},"content":{"rendered":"<p>Nesta quinta-feira, 15, a Fifa divulgou o ranking atualizado das sele\u00e7\u00f5es do m\u00eas de mar\u00e7o. As cinco primeiras posi\u00e7\u00f5es n\u00e3o sofreram mudan\u00e7as em rela\u00e7\u00e3o \u00e0 classifica\u00e7\u00e3o anterior.&nbsp;Alemanha,&nbsp;Brasil,&nbsp;Portugal,&nbsp;Argentina e B\u00e9lgica ocupam o topo da tabela.<\/p>\n<p>A \u00fanica mudan\u00e7a nas primeiras posi\u00e7\u00f5es foi da Pol\u00f4nia, cabe\u00e7a de chave do grupo H da&nbsp;Copa do Mundo. A sele\u00e7\u00e3o de Lewandowski subiu uma posi\u00e7\u00e3o, empatando em sexto lugar com a&nbsp;Espanha. Completam o top 10&nbsp;Su\u00ed\u00e7a, advers\u00e1ria da Sele\u00e7\u00e3o Brasileira na estreia da Copa,&nbsp;Fran\u00e7a&nbsp;e Chile, que n\u00e3o vai \u00e0 R\u00fassia.<\/p>\n<p>Outro destaque no ranking \u00e9 o Peru, que tem a dif\u00edcil miss\u00e3o de enfrentar Fran\u00e7a, Austr\u00e1lia e Dinamarca pelo grupo C da Copa do Mundo. O time de Guerrero e Cueva ocupa a 11\u00aa coloca\u00e7\u00e3o, a melhor da hist\u00f3ria do pa\u00eds.<\/p>\n<p>R\u00fassia e Ar\u00e1bia Saudita, que fazem o jogo de abertura da competi\u00e7\u00e3o, s\u00e3o as duas piores sele\u00e7\u00f5es classificadas no ranking. Os anfitri\u00f5es ocupam a 63\u00aa posi\u00e7\u00e3o, enquanto os sauditas ocupam o 69\u00ba lugar.<\/p>\n<p>Segundo a Fifa, a pr\u00f3xima atualiza\u00e7\u00e3o do ranking de sele\u00e7\u00f5es ser\u00e1 divulgado no dia 12 de abril.<\/p>\n","protected":false},"excerpt":{"rendered":"<p>Nesta quinta-feira, 15, a Fifa divulgou o ranking atualizado das sele\u00e7\u00f5es do m\u00eas de mar\u00e7o. As cinco primeiras posi\u00e7\u00f5es n\u00e3o sofreram mudan\u00e7as em rela\u00e7\u00e3o \u00e0 classifica\u00e7\u00e3o anterior.&nbsp;Alemanha,&nbsp;Brasil,&nbsp;Portugal,&nbsp;Argentina e B\u00e9lgica ocupam o topo da tabela. A \u00fanica mudan\u00e7a nas primeiras posi\u00e7\u00f5es foi da Pol\u00f4nia, cabe\u00e7a de chave do grupo H da&nbsp;Copa do Mundo. A sele\u00e7\u00e3o de [&hellip;]<\/p>\n","protected":false},"author":96,"featured_media":94114,"comment_status":"closed","ping_status":"closed","sticky":false,"template":"","format":"standard","meta":{"footnotes":""},"categories":[257],"tags":[],"class_list":["post-94115","post","type-post","status-publish","format-standard","has-post-thumbnail","hentry","category-esporte"],"_links":{"self":[{"href":"https:\/\/diarioregionaldigital.com.br\/index.php?rest_route=\/wp\/v2\/posts\/94115","targetHints":{"allow":["GET"]}}],"collection":[{"href":"https:\/\/diarioregionaldigital.com.br\/index.php?rest_route=\/wp\/v2\/posts"}],"about":[{"href":"https:\/\/diarioregionaldigital.com.br\/index.php?rest_route=\/wp\/v2\/types\/post"}],"author":[{"embeddable":true,"href":"https:\/\/diarioregionaldigital.com.br\/index.php?rest_route=\/wp\/v2\/users\/96"}],"replies":[{"embeddable":true,"href":"https:\/\/diarioregionaldigital.com.br\/index.php?rest_route=%2Fwp%2Fv2%2Fcomments&post=94115"}],"version-history":[{"count":0,"href":"https:\/\/diarioregionaldigital.com.br\/index.php?rest_route=\/wp\/v2\/posts\/94115\/revisions"}],"wp:featuredmedia":[{"embeddable":true,"href":"https:\/\/diarioregionaldigital.com.br\/index.php?rest_route=\/wp\/v2\/media\/94114"}],"wp:attachment":[{"href":"https:\/\/diarioregionaldigital.com.br\/index.php?rest_route=%2Fwp%2Fv2%2Fmedia&parent=94115"}],"wp:term":[{"taxonomy":"category","embeddable":true,"href":"https:\/\/diarioregionaldigital.com.br\/index.php?rest_route=%2Fwp%2Fv2%2Fcategories&post=94115"},{"taxonomy":"post_tag","embeddable":true,"href":"https:\/\/diarioregionaldigital.com.br\/index.php?rest_route=%2Fwp%2Fv2%2Ftags&post=94115"}],"curies":[{"name":"wp","href":"https:\/\/api.w.org\/{rel}","templated":true}]}}