{"id":94113,"date":"2018-03-18T18:59:20","date_gmt":"2018-03-18T21:59:20","guid":{"rendered":"http:\/\/diarioregionaljf.com.br\/2018\/03\/18\/sel-realiza-evento-para-elaboracao-do-plano-municipal-de-esporte-na-terca-feira\/"},"modified":"2018-03-18T18:59:20","modified_gmt":"2018-03-18T21:59:20","slug":"sel-realiza-evento-para-elaboracao-do-plano-municipal-de-esporte-na-terca-feira","status":"publish","type":"post","link":"https:\/\/diarioregionaldigital.com.br\/?p=94113","title":{"rendered":"SEL realiza evento para elabora\u00e7\u00e3o do Plano Municipal de Esporte na ter\u00e7a-feira"},"content":{"rendered":"<p>A Prefeitura de Juiz de Fora (PJF), atrav\u00e9s da Secretaria de Esporte e Lazer (SEL), promover\u00e1 no dia 20, \u00e0s 9 horas, o 1\u00ba Encontro de Elabora\u00e7\u00e3o do Plano Municipal de Esportes. O evento, que tem como objetivo discutir os aspectos de maior relev\u00e2ncia do setor em Juiz de Fora, ter\u00e1 a participa\u00e7\u00e3o do professor Luizir Alberto de Souza Lima. Ele falar\u00e1 sobre suas experi\u00eancias, que subsidiar\u00e3o o in\u00edcio das discuss\u00f5es acerca da elabora\u00e7\u00e3o do plano.<\/p>\n<p> Luizir possui gradua\u00e7\u00e3o em Educa\u00e7\u00e3o F\u00edsica pela Universidade Federal de Juiz de Fora (UFJF) e especializa\u00e7\u00f5es em Avalia\u00e7\u00e3o Educacional, na Universidade Federal do Rio de Janeiro (UFRJ), e em Medicina Desportiva e Bioci\u00eancias dos Desportos, na UFJF. J\u00e1 atuou como gerente do Departamento de Esportes da PJF e atualmente \u00e9 professor no Centro Universit\u00e1rio Est\u00e1cio Juiz de Fora e na Faculdade Metodista Granbery.<\/p>\n<p> De acordo com o secret\u00e1rio de Esporte e Lazer, Julio Gasparette, \u201co Plano Municipal de Esporte \u00e9 fundamental, para que a SEL possa buscar mais recursos na elabora\u00e7\u00e3o de programas e projetos esportivos, al\u00e9m da consolida\u00e7\u00e3o e sequ\u00eancia, atrav\u00e9s de respaldo legislativo, das atividades j\u00e1 realizadas na cidade\u201d.<\/p>\n<p> Dever\u00e3o participar do encontro representantes dos poderes Executivo e Legislativo, conselhos municipais, lideran\u00e7as comunit\u00e1rias, clubes esportivos, associa\u00e7\u00f5es de pessoas com defici\u00eancia, institui\u00e7\u00f5es filantr\u00f3picas, empresas privadas, institui\u00e7\u00f5es de ensino p\u00fablicas e privadas e \u00f3rg\u00e3os de seguran\u00e7a.<\/p>\n<p><strong>&nbsp;<\/strong><\/p>\n","protected":false},"excerpt":{"rendered":"<p>A Prefeitura de Juiz de Fora (PJF), atrav\u00e9s da Secretaria de Esporte e Lazer (SEL), promover\u00e1 no dia 20, \u00e0s 9 horas, o 1\u00ba Encontro de Elabora\u00e7\u00e3o do Plano Municipal de Esportes. O evento, que tem como objetivo discutir os aspectos de maior relev\u00e2ncia do setor em Juiz de Fora, ter\u00e1 a participa\u00e7\u00e3o do professor [&hellip;]<\/p>\n","protected":false},"author":96,"featured_media":94112,"comment_status":"closed","ping_status":"closed","sticky":false,"template":"","format":"standard","meta":{"footnotes":""},"categories":[257],"tags":[],"class_list":["post-94113","post","type-post","status-publish","format-standard","has-post-thumbnail","hentry","category-esporte"],"_links":{"self":[{"href":"https:\/\/diarioregionaldigital.com.br\/index.php?rest_route=\/wp\/v2\/posts\/94113","targetHints":{"allow":["GET"]}}],"collection":[{"href":"https:\/\/diarioregionaldigital.com.br\/index.php?rest_route=\/wp\/v2\/posts"}],"about":[{"href":"https:\/\/diarioregionaldigital.com.br\/index.php?rest_route=\/wp\/v2\/types\/post"}],"author":[{"embeddable":true,"href":"https:\/\/diarioregionaldigital.com.br\/index.php?rest_route=\/wp\/v2\/users\/96"}],"replies":[{"embeddable":true,"href":"https:\/\/diarioregionaldigital.com.br\/index.php?rest_route=%2Fwp%2Fv2%2Fcomments&post=94113"}],"version-history":[{"count":0,"href":"https:\/\/diarioregionaldigital.com.br\/index.php?rest_route=\/wp\/v2\/posts\/94113\/revisions"}],"wp:featuredmedia":[{"embeddable":true,"href":"https:\/\/diarioregionaldigital.com.br\/index.php?rest_route=\/wp\/v2\/media\/94112"}],"wp:attachment":[{"href":"https:\/\/diarioregionaldigital.com.br\/index.php?rest_route=%2Fwp%2Fv2%2Fmedia&parent=94113"}],"wp:term":[{"taxonomy":"category","embeddable":true,"href":"https:\/\/diarioregionaldigital.com.br\/index.php?rest_route=%2Fwp%2Fv2%2Fcategories&post=94113"},{"taxonomy":"post_tag","embeddable":true,"href":"https:\/\/diarioregionaldigital.com.br\/index.php?rest_route=%2Fwp%2Fv2%2Ftags&post=94113"}],"curies":[{"name":"wp","href":"https:\/\/api.w.org\/{rel}","templated":true}]}}