{"id":94109,"date":"2018-03-17T16:25:21","date_gmt":"2018-03-17T19:25:21","guid":{"rendered":"http:\/\/diarioregionaljf.com.br\/2018\/03\/17\/governo-vai-regularizar-aproximadamente-90-mil-terrenos-urbanos-e-rurais\/"},"modified":"2018-03-17T16:25:21","modified_gmt":"2018-03-17T19:25:21","slug":"governo-vai-regularizar-aproximadamente-90-mil-terrenos-urbanos-e-rurais","status":"publish","type":"post","link":"https:\/\/diarioregionaldigital.com.br\/?p=94109","title":{"rendered":"Governo vai regularizar aproximadamente 90 mil terrenos urbanos e rurais"},"content":{"rendered":"<p>Com o objetivo de fixar os brasileiros nas suas terras e dar dignidade \u00e0s pessoas, o Governo do Brasil prev\u00ea regularizar mais de 90 mil terrenos, em 22 estados, por meio da distribui\u00e7\u00e3o de t\u00edtulos fundi\u00e1rios rurais e urbanos. Somente nessa sexta-feira, 16, foram entregues quase 60 mil documentos em cerim\u00f4nias pelo Pa\u00eds.<\/p>\n<p>Com o documento, os moradores ter\u00e3o CEP e servi\u00e7os de concession\u00e1rios p\u00fablicos legalizados, como \u00e1gua, luz e esgoto, al\u00e9m do direito de viver e produzir no terreno, no caso de \u00e1reas rurais. A a\u00e7\u00e3o \u00e9 realizada em conjunto pelo Minist\u00e9rio das Cidades, pelo Instituto Nacional de Coloniza\u00e7\u00e3o e Reforma Agr\u00e1ria (Incra) e pela Secretaria Especial de Agricultura Familiar e do Desenvolvimento Agr\u00e1rio (Sead).<\/p>\n<h4>CR\u00c9DITO<\/h4>\n<p>Para fixar os trabalhadores rurais na terra, o governo vai liberar, ainda neste m\u00eas, R$ 12 milh\u00f5es em cr\u00e9dito para os benefici\u00e1rios dos t\u00edtulos por meio do Incra. At\u00e9 o fim do ano, o montante dispon\u00edvel para cr\u00e9dito vai atingir R$ 85 milh\u00f5es. Em 2017, o n\u00famero de t\u00edtulos emitidos chegou a 26,5 mil, mais de dez vezes maior que a m\u00e9dia anual entre 2003 e 2016.<\/p>\n<p>Lan\u00e7ado em julho de 2017, o Programa Nacional de Regulariza\u00e7\u00e3o Fundi\u00e1ria (Reurb) do Minist\u00e9rio das Cidades simplificou o processo de regulariza\u00e7\u00e3o, tornando-o menos burocr\u00e1tico e mais amplo em benef\u00edcio dos cidad\u00e3os. Durante mar\u00e7o, o Reurb ser\u00e1 respons\u00e1vel pela entrega de mais de 42 mil t\u00edtulos em cidades de nove estados.<\/p>\n<p>Fonte: Brasil.gov<\/p>\n","protected":false},"excerpt":{"rendered":"<p>Com o objetivo de fixar os brasileiros nas suas terras e dar dignidade \u00e0s pessoas, o Governo do Brasil prev\u00ea regularizar mais de 90 mil terrenos, em 22 estados, por meio da distribui\u00e7\u00e3o de t\u00edtulos fundi\u00e1rios rurais e urbanos. Somente nessa sexta-feira, 16, foram entregues quase 60 mil documentos em cerim\u00f4nias pelo Pa\u00eds. Com o [&hellip;]<\/p>\n","protected":false},"author":96,"featured_media":94108,"comment_status":"closed","ping_status":"closed","sticky":false,"template":"","format":"standard","meta":{"footnotes":""},"categories":[254],"tags":[],"class_list":["post-94109","post","type-post","status-publish","format-standard","has-post-thumbnail","hentry","category-politica"],"_links":{"self":[{"href":"https:\/\/diarioregionaldigital.com.br\/index.php?rest_route=\/wp\/v2\/posts\/94109","targetHints":{"allow":["GET"]}}],"collection":[{"href":"https:\/\/diarioregionaldigital.com.br\/index.php?rest_route=\/wp\/v2\/posts"}],"about":[{"href":"https:\/\/diarioregionaldigital.com.br\/index.php?rest_route=\/wp\/v2\/types\/post"}],"author":[{"embeddable":true,"href":"https:\/\/diarioregionaldigital.com.br\/index.php?rest_route=\/wp\/v2\/users\/96"}],"replies":[{"embeddable":true,"href":"https:\/\/diarioregionaldigital.com.br\/index.php?rest_route=%2Fwp%2Fv2%2Fcomments&post=94109"}],"version-history":[{"count":0,"href":"https:\/\/diarioregionaldigital.com.br\/index.php?rest_route=\/wp\/v2\/posts\/94109\/revisions"}],"wp:featuredmedia":[{"embeddable":true,"href":"https:\/\/diarioregionaldigital.com.br\/index.php?rest_route=\/wp\/v2\/media\/94108"}],"wp:attachment":[{"href":"https:\/\/diarioregionaldigital.com.br\/index.php?rest_route=%2Fwp%2Fv2%2Fmedia&parent=94109"}],"wp:term":[{"taxonomy":"category","embeddable":true,"href":"https:\/\/diarioregionaldigital.com.br\/index.php?rest_route=%2Fwp%2Fv2%2Fcategories&post=94109"},{"taxonomy":"post_tag","embeddable":true,"href":"https:\/\/diarioregionaldigital.com.br\/index.php?rest_route=%2Fwp%2Fv2%2Ftags&post=94109"}],"curies":[{"name":"wp","href":"https:\/\/api.w.org\/{rel}","templated":true}]}}