{"id":94107,"date":"2018-03-17T16:09:55","date_gmt":"2018-03-17T19:09:55","guid":{"rendered":"http:\/\/diarioregionaljf.com.br\/2018\/03\/17\/estudantes-ja-podem-se-candidatar-a-lista-de-espera-do-prouni\/"},"modified":"2018-03-17T16:09:55","modified_gmt":"2018-03-17T19:09:55","slug":"estudantes-ja-podem-se-candidatar-a-lista-de-espera-do-prouni","status":"publish","type":"post","link":"https:\/\/diarioregionaldigital.com.br\/?p=94107","title":{"rendered":"Estudantes j\u00e1 podem se candidatar \u00e0 lista de espera do ProUni"},"content":{"rendered":"<p>O prazo para que os estudantes manifestem interesse na lista de espera do Programa Universidade para Todos (ProUni) come\u00e7ou nessa sexta-feira, 16, e segue at\u00e9 a pr\u00f3xima segunda-feira, 19. A lista, a ser utilizada pelas institui\u00e7\u00f5es de ensino superior na convoca\u00e7\u00e3o para preenchimento de bolsas n\u00e3o ocupadas, contempla os candidatos que n\u00e3o foram pr\u00e9-selecionados na primeira chamada.<\/p>\n<p>Todos os participantes da lista de espera dever\u00e3o comparecer \u00e0s respectivas institui\u00e7\u00f5es escolhidas, entre 21 e 22 de mar\u00e7o deste ano, para apresentar a documenta\u00e7\u00e3o necess\u00e1ria \u00e0 comprova\u00e7\u00e3o das informa\u00e7\u00f5es prestadas durante o ato de inscri\u00e7\u00e3o. A participa\u00e7\u00e3o do estudante se dar\u00e1 mediante confirma\u00e7\u00e3o do interesse na bolsa na p\u00e1gina do ProUni, e a rela\u00e7\u00e3o de candidaturas ficar\u00e1 dispon\u00edvel a partir do dia 20 de mar\u00e7o.<\/p>\n<p>O ProUni \u00e9 o programa do governo federal que oferece bolsas de estudo integrais e parciais (50%) em cursos de gradua\u00e7\u00e3o de institui\u00e7\u00f5es privadas de educa\u00e7\u00e3o superior. Nesta edi\u00e7\u00e3o, o MEC ofertou 243 mil bolsas, das quais 113.863 s\u00e3o integrais e 129.124, parciais.<\/p>\n<p>Fonte: Brasil.gov<\/p>\n","protected":false},"excerpt":{"rendered":"<p>O prazo para que os estudantes manifestem interesse na lista de espera do Programa Universidade para Todos (ProUni) come\u00e7ou nessa sexta-feira, 16, e segue at\u00e9 a pr\u00f3xima segunda-feira, 19. A lista, a ser utilizada pelas institui\u00e7\u00f5es de ensino superior na convoca\u00e7\u00e3o para preenchimento de bolsas n\u00e3o ocupadas, contempla os candidatos que n\u00e3o foram pr\u00e9-selecionados na [&hellip;]<\/p>\n","protected":false},"author":96,"featured_media":94106,"comment_status":"closed","ping_status":"closed","sticky":false,"template":"","format":"standard","meta":{"footnotes":""},"categories":[302],"tags":[],"class_list":["post-94107","post","type-post","status-publish","format-standard","has-post-thumbnail","hentry","category-brasil-mundo"],"_links":{"self":[{"href":"https:\/\/diarioregionaldigital.com.br\/index.php?rest_route=\/wp\/v2\/posts\/94107","targetHints":{"allow":["GET"]}}],"collection":[{"href":"https:\/\/diarioregionaldigital.com.br\/index.php?rest_route=\/wp\/v2\/posts"}],"about":[{"href":"https:\/\/diarioregionaldigital.com.br\/index.php?rest_route=\/wp\/v2\/types\/post"}],"author":[{"embeddable":true,"href":"https:\/\/diarioregionaldigital.com.br\/index.php?rest_route=\/wp\/v2\/users\/96"}],"replies":[{"embeddable":true,"href":"https:\/\/diarioregionaldigital.com.br\/index.php?rest_route=%2Fwp%2Fv2%2Fcomments&post=94107"}],"version-history":[{"count":0,"href":"https:\/\/diarioregionaldigital.com.br\/index.php?rest_route=\/wp\/v2\/posts\/94107\/revisions"}],"wp:featuredmedia":[{"embeddable":true,"href":"https:\/\/diarioregionaldigital.com.br\/index.php?rest_route=\/wp\/v2\/media\/94106"}],"wp:attachment":[{"href":"https:\/\/diarioregionaldigital.com.br\/index.php?rest_route=%2Fwp%2Fv2%2Fmedia&parent=94107"}],"wp:term":[{"taxonomy":"category","embeddable":true,"href":"https:\/\/diarioregionaldigital.com.br\/index.php?rest_route=%2Fwp%2Fv2%2Fcategories&post=94107"},{"taxonomy":"post_tag","embeddable":true,"href":"https:\/\/diarioregionaldigital.com.br\/index.php?rest_route=%2Fwp%2Fv2%2Ftags&post=94107"}],"curies":[{"name":"wp","href":"https:\/\/api.w.org\/{rel}","templated":true}]}}