{"id":94105,"date":"2018-03-17T15:58:02","date_gmt":"2018-03-17T18:58:02","guid":{"rendered":"http:\/\/diarioregionaljf.com.br\/2018\/03\/17\/jovem-e-ameacado-com-facas-durante-assalto-na-zona-norte\/"},"modified":"2018-03-17T15:58:02","modified_gmt":"2018-03-17T18:58:02","slug":"jovem-e-ameacado-com-facas-durante-assalto-na-zona-norte","status":"publish","type":"post","link":"https:\/\/diarioregionaldigital.com.br\/?p=94105","title":{"rendered":"Jovem \u00e9 amea\u00e7ado com facas durante assalto na zona Norte"},"content":{"rendered":"<p>Um jovem de 25 anos foi v\u00edtima de um assalto na noite dessa sexta-feira, 16, no bairro Ponte Preta, zona Norte.<\/p>\n<p>Segundo informa\u00e7\u00f5es da Pol\u00edcia Militar (PM), o jovem passava pela Avenida Marginal quando foi abordado por dois indiv\u00edduos que anunciaram o assalto.<\/p>\n<p>Os autores estavam armados com facas e roubaram o celular, uma camisa e um cord\u00e3o de prata da v\u00edtima. Ap\u00f3s a a\u00e7\u00e3o fugiram em sentido ignorado.<\/p>\n<p>A PM realizou buscas, mas nenhum suspeito foi localizado.<\/p>\n","protected":false},"excerpt":{"rendered":"<p>Um jovem de 25 anos foi v\u00edtima de um assalto na noite dessa sexta-feira, 16, no bairro Ponte Preta, zona Norte. Segundo informa\u00e7\u00f5es da Pol\u00edcia Militar (PM), o jovem passava pela Avenida Marginal quando foi abordado por dois indiv\u00edduos que anunciaram o assalto. Os autores estavam armados com facas e roubaram o celular, uma camisa [&hellip;]<\/p>\n","protected":false},"author":96,"featured_media":94104,"comment_status":"closed","ping_status":"closed","sticky":false,"template":"","format":"standard","meta":{"footnotes":""},"categories":[301],"tags":[],"class_list":["post-94105","post","type-post","status-publish","format-standard","has-post-thumbnail","hentry","category-artigos-policiais"],"_links":{"self":[{"href":"https:\/\/diarioregionaldigital.com.br\/index.php?rest_route=\/wp\/v2\/posts\/94105","targetHints":{"allow":["GET"]}}],"collection":[{"href":"https:\/\/diarioregionaldigital.com.br\/index.php?rest_route=\/wp\/v2\/posts"}],"about":[{"href":"https:\/\/diarioregionaldigital.com.br\/index.php?rest_route=\/wp\/v2\/types\/post"}],"author":[{"embeddable":true,"href":"https:\/\/diarioregionaldigital.com.br\/index.php?rest_route=\/wp\/v2\/users\/96"}],"replies":[{"embeddable":true,"href":"https:\/\/diarioregionaldigital.com.br\/index.php?rest_route=%2Fwp%2Fv2%2Fcomments&post=94105"}],"version-history":[{"count":0,"href":"https:\/\/diarioregionaldigital.com.br\/index.php?rest_route=\/wp\/v2\/posts\/94105\/revisions"}],"wp:featuredmedia":[{"embeddable":true,"href":"https:\/\/diarioregionaldigital.com.br\/index.php?rest_route=\/wp\/v2\/media\/94104"}],"wp:attachment":[{"href":"https:\/\/diarioregionaldigital.com.br\/index.php?rest_route=%2Fwp%2Fv2%2Fmedia&parent=94105"}],"wp:term":[{"taxonomy":"category","embeddable":true,"href":"https:\/\/diarioregionaldigital.com.br\/index.php?rest_route=%2Fwp%2Fv2%2Fcategories&post=94105"},{"taxonomy":"post_tag","embeddable":true,"href":"https:\/\/diarioregionaldigital.com.br\/index.php?rest_route=%2Fwp%2Fv2%2Ftags&post=94105"}],"curies":[{"name":"wp","href":"https:\/\/api.w.org\/{rel}","templated":true}]}}