{"id":94101,"date":"2018-03-17T15:16:23","date_gmt":"2018-03-17T18:16:23","guid":{"rendered":"http:\/\/diarioregionaljf.com.br\/2018\/03\/17\/vigia-tem-arma-apontada-para-cabeca-durante-assalto-no-tiguera\/"},"modified":"2018-03-17T15:16:23","modified_gmt":"2018-03-17T18:16:23","slug":"vigia-tem-arma-apontada-para-cabeca-durante-assalto-no-tiguera","status":"publish","type":"post","link":"https:\/\/diarioregionaldigital.com.br\/?p=94101","title":{"rendered":"Vigia tem arma apontada para cabe\u00e7a durante assalto no Tiguera"},"content":{"rendered":"<p>Um homem de 57 anos, vigia de uma construtora, foi assaltado na tarde desta sexta-feira, 16, durante servi\u00e7o no bairro Tiguera, zona sudeste.<\/p>\n<p>Segundo informa\u00e7\u00f5es da Pol\u00edcia Militar (PM), o homem encontrava-se na Rua Jos\u00e9 Francisco Garcia quando foi surpreendido por dois indiv\u00edduos que anunciaram o assalto.<\/p>\n<p>Os autores, um deles armados, fizeram amea\u00e7as contra o vigia e colocaram o rev\u00f3lver na cabe\u00e7a do mesm. Eles roubaram o celular, rel\u00f3gio, cart\u00e3o de vale transporte e R$270 e fugiram.<\/p>\n<p>A PM realizou buscas, mas nenhum suspeito foi localizado.<\/p>\n","protected":false},"excerpt":{"rendered":"<p>Um homem de 57 anos, vigia de uma construtora, foi assaltado na tarde desta sexta-feira, 16, durante servi\u00e7o no bairro Tiguera, zona sudeste. Segundo informa\u00e7\u00f5es da Pol\u00edcia Militar (PM), o homem encontrava-se na Rua Jos\u00e9 Francisco Garcia quando foi surpreendido por dois indiv\u00edduos que anunciaram o assalto. Os autores, um deles armados, fizeram amea\u00e7as contra [&hellip;]<\/p>\n","protected":false},"author":96,"featured_media":94100,"comment_status":"closed","ping_status":"closed","sticky":false,"template":"","format":"standard","meta":{"footnotes":""},"categories":[301],"tags":[],"class_list":["post-94101","post","type-post","status-publish","format-standard","has-post-thumbnail","hentry","category-artigos-policiais"],"_links":{"self":[{"href":"https:\/\/diarioregionaldigital.com.br\/index.php?rest_route=\/wp\/v2\/posts\/94101","targetHints":{"allow":["GET"]}}],"collection":[{"href":"https:\/\/diarioregionaldigital.com.br\/index.php?rest_route=\/wp\/v2\/posts"}],"about":[{"href":"https:\/\/diarioregionaldigital.com.br\/index.php?rest_route=\/wp\/v2\/types\/post"}],"author":[{"embeddable":true,"href":"https:\/\/diarioregionaldigital.com.br\/index.php?rest_route=\/wp\/v2\/users\/96"}],"replies":[{"embeddable":true,"href":"https:\/\/diarioregionaldigital.com.br\/index.php?rest_route=%2Fwp%2Fv2%2Fcomments&post=94101"}],"version-history":[{"count":0,"href":"https:\/\/diarioregionaldigital.com.br\/index.php?rest_route=\/wp\/v2\/posts\/94101\/revisions"}],"wp:featuredmedia":[{"embeddable":true,"href":"https:\/\/diarioregionaldigital.com.br\/index.php?rest_route=\/wp\/v2\/media\/94100"}],"wp:attachment":[{"href":"https:\/\/diarioregionaldigital.com.br\/index.php?rest_route=%2Fwp%2Fv2%2Fmedia&parent=94101"}],"wp:term":[{"taxonomy":"category","embeddable":true,"href":"https:\/\/diarioregionaldigital.com.br\/index.php?rest_route=%2Fwp%2Fv2%2Fcategories&post=94101"},{"taxonomy":"post_tag","embeddable":true,"href":"https:\/\/diarioregionaldigital.com.br\/index.php?rest_route=%2Fwp%2Fv2%2Ftags&post=94101"}],"curies":[{"name":"wp","href":"https:\/\/api.w.org\/{rel}","templated":true}]}}