{"id":94097,"date":"2018-03-17T14:32:24","date_gmt":"2018-03-17T17:32:24","guid":{"rendered":"http:\/\/diarioregionaljf.com.br\/2018\/03\/17\/pm-prende-tres-pessoas-e-apreende-mais-de-400-pedras-de-crack-no-costa-carvalho\/"},"modified":"2018-03-17T14:32:24","modified_gmt":"2018-03-17T17:32:24","slug":"pm-prende-tres-pessoas-e-apreende-mais-de-400-pedras-de-crack-no-costa-carvalho","status":"publish","type":"post","link":"https:\/\/diarioregionaldigital.com.br\/?p=94097","title":{"rendered":"PM prende tr\u00eas pessoas e apreende mais de 400 pedras de crack no Costa Carvalho"},"content":{"rendered":"<p>Tr\u00eas pessoas foram presas na noite desta sexta-feira, 16, por envolvimento com tr\u00e1fico de drogas no bairro Costa Carvalho, zona Leste da cidade.<\/p>\n<p>De acordo com o registro de ocorr\u00eancias da Pol\u00edcia Militar (PM), uma viatura realizava patrulhamento quando receberam uma den\u00fancia an\u00f4nima de que indiv\u00edduos estariam na Rua Professor Ernesto Evangelista comercializando entorpecentes.<\/p>\n<p>A viatura se deslocou at\u00e9 o local e com sua chegada um dos suspeitos come\u00e7ou proferir as palavras &#8220;boiou, boiou&#8221;, express\u00e3o utilizadas em meio ao tr\u00e1fico de drogas para avisar a presen\u00e7a policial no local. Nesse momentos os autores come\u00e7aram a fugir.<\/p>\n<p>Os policiais conseguiram alcan\u00e7ar os tr\u00eas autores, de 19, 30 e 34 anos, e ao realizarem buscas pessoais, encontraram 437 pedras de crack, oito buchas de maconha, uma balan\u00e7a de precis\u00e3o, um celular e a quantia de R$121.<\/p>\n<p>Mediante os fatos, os tr\u00eas indiv\u00edduos foram presos e encaminhados para delegacia.<\/p>\n","protected":false},"excerpt":{"rendered":"<p>Tr\u00eas pessoas foram presas na noite desta sexta-feira, 16, por envolvimento com tr\u00e1fico de drogas no bairro Costa Carvalho, zona Leste da cidade. De acordo com o registro de ocorr\u00eancias da Pol\u00edcia Militar (PM), uma viatura realizava patrulhamento quando receberam uma den\u00fancia an\u00f4nima de que indiv\u00edduos estariam na Rua Professor Ernesto Evangelista comercializando entorpecentes. A [&hellip;]<\/p>\n","protected":false},"author":96,"featured_media":94096,"comment_status":"closed","ping_status":"closed","sticky":false,"template":"","format":"standard","meta":{"footnotes":""},"categories":[301],"tags":[],"class_list":["post-94097","post","type-post","status-publish","format-standard","has-post-thumbnail","hentry","category-artigos-policiais"],"_links":{"self":[{"href":"https:\/\/diarioregionaldigital.com.br\/index.php?rest_route=\/wp\/v2\/posts\/94097","targetHints":{"allow":["GET"]}}],"collection":[{"href":"https:\/\/diarioregionaldigital.com.br\/index.php?rest_route=\/wp\/v2\/posts"}],"about":[{"href":"https:\/\/diarioregionaldigital.com.br\/index.php?rest_route=\/wp\/v2\/types\/post"}],"author":[{"embeddable":true,"href":"https:\/\/diarioregionaldigital.com.br\/index.php?rest_route=\/wp\/v2\/users\/96"}],"replies":[{"embeddable":true,"href":"https:\/\/diarioregionaldigital.com.br\/index.php?rest_route=%2Fwp%2Fv2%2Fcomments&post=94097"}],"version-history":[{"count":0,"href":"https:\/\/diarioregionaldigital.com.br\/index.php?rest_route=\/wp\/v2\/posts\/94097\/revisions"}],"wp:featuredmedia":[{"embeddable":true,"href":"https:\/\/diarioregionaldigital.com.br\/index.php?rest_route=\/wp\/v2\/media\/94096"}],"wp:attachment":[{"href":"https:\/\/diarioregionaldigital.com.br\/index.php?rest_route=%2Fwp%2Fv2%2Fmedia&parent=94097"}],"wp:term":[{"taxonomy":"category","embeddable":true,"href":"https:\/\/diarioregionaldigital.com.br\/index.php?rest_route=%2Fwp%2Fv2%2Fcategories&post=94097"},{"taxonomy":"post_tag","embeddable":true,"href":"https:\/\/diarioregionaldigital.com.br\/index.php?rest_route=%2Fwp%2Fv2%2Ftags&post=94097"}],"curies":[{"name":"wp","href":"https:\/\/api.w.org\/{rel}","templated":true}]}}