{"id":94093,"date":"2018-03-17T13:16:32","date_gmt":"2018-03-17T16:16:32","guid":{"rendered":"http:\/\/diarioregionaljf.com.br\/2018\/03\/17\/plano-diretor-entra-em-votacao-na-camara-municipal\/"},"modified":"2018-03-17T13:16:32","modified_gmt":"2018-03-17T16:16:32","slug":"plano-diretor-entra-em-votacao-na-camara-municipal","status":"publish","type":"post","link":"https:\/\/diarioregionaldigital.com.br\/?p=94093","title":{"rendered":"Plano Diretor entra em vota\u00e7\u00e3o na C\u00e2mara Municipal"},"content":{"rendered":"<p>Uma importante pauta para o planejamento territorial de Juiz de Fora foi discutida pelos vereadores na manh\u00e3 dessa sexta, 16, durante a 2\u00aa reuni\u00e3o ordin\u00e1ria do 3\u00ba per\u00edodo legislativo de 2018. Entrou em vota\u00e7\u00e3o o Projeto de Lei Complementar (PLC), de autoria do Poder Executivo, que trata sobre a Pol\u00edtica de Desenvolvimento Urbano e Territorial do Sistema Municipal de Planejamento do Territ\u00f3rio e da revis\u00e3o do Plano Diretor.<\/p>\n<p>Como se trata de um tema complexo, as discuss\u00f5es em torno da revis\u00e3o do Plano Diretor vem sendo realizadas h\u00e1 algum tempo. A Comiss\u00e3o de Urbanismo da C\u00e2mara Municipal, composta pelo vereadores Jos\u00e9 M\u00e1rcio (PV), J\u00falio Obama Jr. (PHS), Bet\u00e3o (PT) e Sargento Mello Casal (PTB) promoveu, do fim do ano passado at\u00e9 este m\u00eas de mar\u00e7o, diversas palestras e debates, contando com a presen\u00e7a de especialistas e da popula\u00e7\u00e3o, afim de explicar e discutir melhorias para a revis\u00e3o do Plano Diretor.<\/p>\n<p>Por\u00e9m, as expectativas iniciais s\u00e3o de que as discuss\u00f5es sobre o tema se estendam por at\u00e9 tr\u00eas per\u00edodos legislativos, entre os meses de mar\u00e7o e maio. O poder Executivo vem realizando, desde 2013, discuss\u00f5es com a participa\u00e7\u00e3o de representantes do poder p\u00fablico, especialistas, sindicatos, setores do empresariado e a pr\u00f3pria popula\u00e7\u00e3o, afim de atualizar e melhorar o plano j\u00e1 existente.<\/p>\n<p>O vereador Z\u00e9 M\u00e1rcio (PV), presidente da Comiss\u00e3o de Urbanismo, falou sobre a import\u00e2ncia da aprova\u00e7\u00e3o do plano para o munic\u00edpio.<\/p>\n<p>&#8220;A revis\u00e3o do Plano Diretor apresentado pelo Executivo ir\u00e1 contribuir para o desenvolvimento da cidade, atualizando e regulando a ocupa\u00e7\u00e3o territorial, proporcionando melhores condi\u00e7\u00f5es de vida para a popula\u00e7\u00e3o. Por isso acredito que a aprova\u00e7\u00e3o dessa mensagem seja necess\u00e1ria. Nosso papel agora \u00e9 analisar o documento e, se necess\u00e1rio, propor algumas mudan\u00e7as por meio de emendas dos vereadores\u201d.<\/p>\n<p>Neste primeiro dia de vota\u00e7\u00e3o, o vereador Fiorilo (PTC) pediu vista da mat\u00e9ria para uma melhor an\u00e1lise. O projeto volta \u00e0 Plen\u00e1rio na pr\u00f3xima semana.<\/p>\n<p>Fonte: Assessoria \/ C\u00e2mara<\/p>\n","protected":false},"excerpt":{"rendered":"<p>Uma importante pauta para o planejamento territorial de Juiz de Fora foi discutida pelos vereadores na manh\u00e3 dessa sexta, 16, durante a 2\u00aa reuni\u00e3o ordin\u00e1ria do 3\u00ba per\u00edodo legislativo de 2018. Entrou em vota\u00e7\u00e3o o Projeto de Lei Complementar (PLC), de autoria do Poder Executivo, que trata sobre a Pol\u00edtica de Desenvolvimento Urbano e Territorial [&hellip;]<\/p>\n","protected":false},"author":96,"featured_media":94092,"comment_status":"closed","ping_status":"closed","sticky":false,"template":"","format":"standard","meta":{"footnotes":""},"categories":[253],"tags":[],"class_list":["post-94093","post","type-post","status-publish","format-standard","has-post-thumbnail","hentry","category-cidade"],"_links":{"self":[{"href":"https:\/\/diarioregionaldigital.com.br\/index.php?rest_route=\/wp\/v2\/posts\/94093","targetHints":{"allow":["GET"]}}],"collection":[{"href":"https:\/\/diarioregionaldigital.com.br\/index.php?rest_route=\/wp\/v2\/posts"}],"about":[{"href":"https:\/\/diarioregionaldigital.com.br\/index.php?rest_route=\/wp\/v2\/types\/post"}],"author":[{"embeddable":true,"href":"https:\/\/diarioregionaldigital.com.br\/index.php?rest_route=\/wp\/v2\/users\/96"}],"replies":[{"embeddable":true,"href":"https:\/\/diarioregionaldigital.com.br\/index.php?rest_route=%2Fwp%2Fv2%2Fcomments&post=94093"}],"version-history":[{"count":0,"href":"https:\/\/diarioregionaldigital.com.br\/index.php?rest_route=\/wp\/v2\/posts\/94093\/revisions"}],"wp:featuredmedia":[{"embeddable":true,"href":"https:\/\/diarioregionaldigital.com.br\/index.php?rest_route=\/wp\/v2\/media\/94092"}],"wp:attachment":[{"href":"https:\/\/diarioregionaldigital.com.br\/index.php?rest_route=%2Fwp%2Fv2%2Fmedia&parent=94093"}],"wp:term":[{"taxonomy":"category","embeddable":true,"href":"https:\/\/diarioregionaldigital.com.br\/index.php?rest_route=%2Fwp%2Fv2%2Fcategories&post=94093"},{"taxonomy":"post_tag","embeddable":true,"href":"https:\/\/diarioregionaldigital.com.br\/index.php?rest_route=%2Fwp%2Fv2%2Ftags&post=94093"}],"curies":[{"name":"wp","href":"https:\/\/api.w.org\/{rel}","templated":true}]}}