{"id":94091,"date":"2018-03-17T12:46:49","date_gmt":"2018-03-17T15:46:49","guid":{"rendered":"http:\/\/diarioregionaljf.com.br\/2018\/03\/17\/kombi-capota-na-br-040-e-deixa-seis-pessoas-feridas\/"},"modified":"2018-03-17T12:46:49","modified_gmt":"2018-03-17T15:46:49","slug":"kombi-capota-na-br-040-e-deixa-seis-pessoas-feridas","status":"publish","type":"post","link":"https:\/\/diarioregionaldigital.com.br\/?p=94091","title":{"rendered":"Kombi capota na BR-040 e deixa seis pessoas feridas"},"content":{"rendered":"<p>Na noite desta sexta-feira, 16, por volta de 18h, o Corpo de Bombeiros Militar em Juiz de Fora atenderam ocorr\u00eancia de capotamento de uma Kombi na curva do Mirante, na BR-040.<\/p>\n<p>De acordo com as informa\u00e7\u00f5es repassadas, o ve\u00edculo teria sa\u00eddo da curva e ca\u00eddo na vegeta\u00e7\u00e3o ao lado da via.<\/p>\n<p>As nove pessoas passageiras da Kombi j\u00e1 estavam fora do ve\u00edculo quando o Corpo de Bombeiros chegou ao local.<\/p>\n<p>Quatro v\u00edtimas foram conduzidas pela Via 040 e duas pelo Servi\u00e7o de Atendimento M\u00f3vel de Urg\u00eancia (SAMU). Todas com escoria\u00e7\u00f5es leves, uma com suspeita de trauma na clav\u00edcula, outra com suspeita de trauma de t\u00f3rax, dentre outros. Todas estavam conscientes e orientadas.<\/p>\n<p>A a\u00e7\u00e3o das equipes dos bombeiros foi tipicamente de salvamento, fazendo a estabiliza\u00e7\u00e3o do ve\u00edculo e desligamento das baterias.<\/p>\n<p>Fonte: Assessoria \/ Corpo de Bombeiros<\/p>\n","protected":false},"excerpt":{"rendered":"<p>Na noite desta sexta-feira, 16, por volta de 18h, o Corpo de Bombeiros Militar em Juiz de Fora atenderam ocorr\u00eancia de capotamento de uma Kombi na curva do Mirante, na BR-040. De acordo com as informa\u00e7\u00f5es repassadas, o ve\u00edculo teria sa\u00eddo da curva e ca\u00eddo na vegeta\u00e7\u00e3o ao lado da via. As nove pessoas passageiras [&hellip;]<\/p>\n","protected":false},"author":96,"featured_media":94090,"comment_status":"closed","ping_status":"closed","sticky":false,"template":"","format":"standard","meta":{"footnotes":""},"categories":[253],"tags":[],"class_list":["post-94091","post","type-post","status-publish","format-standard","has-post-thumbnail","hentry","category-cidade"],"_links":{"self":[{"href":"https:\/\/diarioregionaldigital.com.br\/index.php?rest_route=\/wp\/v2\/posts\/94091","targetHints":{"allow":["GET"]}}],"collection":[{"href":"https:\/\/diarioregionaldigital.com.br\/index.php?rest_route=\/wp\/v2\/posts"}],"about":[{"href":"https:\/\/diarioregionaldigital.com.br\/index.php?rest_route=\/wp\/v2\/types\/post"}],"author":[{"embeddable":true,"href":"https:\/\/diarioregionaldigital.com.br\/index.php?rest_route=\/wp\/v2\/users\/96"}],"replies":[{"embeddable":true,"href":"https:\/\/diarioregionaldigital.com.br\/index.php?rest_route=%2Fwp%2Fv2%2Fcomments&post=94091"}],"version-history":[{"count":0,"href":"https:\/\/diarioregionaldigital.com.br\/index.php?rest_route=\/wp\/v2\/posts\/94091\/revisions"}],"wp:featuredmedia":[{"embeddable":true,"href":"https:\/\/diarioregionaldigital.com.br\/index.php?rest_route=\/wp\/v2\/media\/94090"}],"wp:attachment":[{"href":"https:\/\/diarioregionaldigital.com.br\/index.php?rest_route=%2Fwp%2Fv2%2Fmedia&parent=94091"}],"wp:term":[{"taxonomy":"category","embeddable":true,"href":"https:\/\/diarioregionaldigital.com.br\/index.php?rest_route=%2Fwp%2Fv2%2Fcategories&post=94091"},{"taxonomy":"post_tag","embeddable":true,"href":"https:\/\/diarioregionaldigital.com.br\/index.php?rest_route=%2Fwp%2Fv2%2Ftags&post=94091"}],"curies":[{"name":"wp","href":"https:\/\/api.w.org\/{rel}","templated":true}]}}