{"id":94089,"date":"2018-03-17T12:36:02","date_gmt":"2018-03-17T15:36:02","guid":{"rendered":"http:\/\/diarioregionaljf.com.br\/2018\/03\/17\/tempestade-provoca-caos-em-varios-bairros-de-belo-horizonte\/"},"modified":"2018-03-17T12:36:02","modified_gmt":"2018-03-17T15:36:02","slug":"tempestade-provoca-caos-em-varios-bairros-de-belo-horizonte","status":"publish","type":"post","link":"https:\/\/diarioregionaldigital.com.br\/?p=94089","title":{"rendered":"Tempestade provoca caos em v\u00e1rios bairros de Belo Horizonte"},"content":{"rendered":"<p>Moradores de Belo Horizonte, no fim da tarde dessa sexta-feira, 16, foram surpreendidos por uma forte tempestade. O c\u00e9u, que estava parcialmente encoberto, foi tomado por nuvens escuras repentinamente e em pouco tempo desabou um temporal, com queda de granizo em algumas localidades.<\/p>\n<p>Nas redes sociais, muitos v\u00eddeos e fotos foram compartilhados. As imagens mostram carros sendo arrastados e \u00e1rvores ca\u00eddas sobre ve\u00edculos.<\/p>\n<p>A Defesa Civil, que j\u00e1 havia emitido um alerta de chuva forte, chegou a divulgar um comunicado pedindo que as pessoas permanecessem em seus locais e evitassem o tr\u00e2nsito. De acordo com o \u00f3rg\u00e3o, em apenas 20 minutos, choveu na regi\u00e3o oeste da capital mineira 74,6 mil\u00edmetros (mm), o equivalente a 46% da m\u00e9dia hist\u00f3rica do m\u00eas. Na regi\u00e3o noroeste e na regi\u00e3o centro-sul, foram registrados respectivamente 53,4 mm e 49,8 mm.<\/p>\n<p>Diversos corpos d&#8217;\u00e1gua que percorrem a cidade transbordaram. Houve queda de energia el\u00e9trica em v\u00e1rios bairros. Moradores de outras cidades da regi\u00e3o metropolitana, como Nova Lima e Contagem, tamb\u00e9m ficaram sem luz. Segundo a Companhia Energ\u00e9tica de Minas Gerais (Cemig), a expectativa \u00e9 que a situa\u00e7\u00e3o seja totalmente normalizada na madrugada.<\/p>\n<p>At\u00e9 o momento, n\u00e3o h\u00e1 ocorr\u00eancia de morte. O Corpo de Bombeiros de Minas Gerais informou que atendeu ocorr\u00eancia de desmoronamento de uma casa na regi\u00e3o norte. Foram resgatadas duas mulheres soterradas, sendo uma delas, de 21 anos, em estado grave. &#8220;Ela j\u00e1 foi recepcionada no Hospital Jo\u00e3o 18&#8221;, informou o tenente Pedro Ahiara, chefe da sala de imprensa do Corpo de Bombeiros.<\/p>\n<p>Os bombeiros tamb\u00e9m receberam chamadas para atender ocorr\u00eancias de alagamentos, desabamento de muro, quedas de \u00e1rvores e pessoas presas em elevadores.<\/p>\n<p>Fonte: Ag\u00eancia Brasil<\/p>\n","protected":false},"excerpt":{"rendered":"<p>Moradores de Belo Horizonte, no fim da tarde dessa sexta-feira, 16, foram surpreendidos por uma forte tempestade. O c\u00e9u, que estava parcialmente encoberto, foi tomado por nuvens escuras repentinamente e em pouco tempo desabou um temporal, com queda de granizo em algumas localidades. Nas redes sociais, muitos v\u00eddeos e fotos foram compartilhados. As imagens mostram [&hellip;]<\/p>\n","protected":false},"author":96,"featured_media":94088,"comment_status":"closed","ping_status":"closed","sticky":false,"template":"","format":"standard","meta":{"footnotes":""},"categories":[252],"tags":[],"class_list":["post-94089","post","type-post","status-publish","format-standard","has-post-thumbnail","hentry","category-regiao"],"_links":{"self":[{"href":"https:\/\/diarioregionaldigital.com.br\/index.php?rest_route=\/wp\/v2\/posts\/94089","targetHints":{"allow":["GET"]}}],"collection":[{"href":"https:\/\/diarioregionaldigital.com.br\/index.php?rest_route=\/wp\/v2\/posts"}],"about":[{"href":"https:\/\/diarioregionaldigital.com.br\/index.php?rest_route=\/wp\/v2\/types\/post"}],"author":[{"embeddable":true,"href":"https:\/\/diarioregionaldigital.com.br\/index.php?rest_route=\/wp\/v2\/users\/96"}],"replies":[{"embeddable":true,"href":"https:\/\/diarioregionaldigital.com.br\/index.php?rest_route=%2Fwp%2Fv2%2Fcomments&post=94089"}],"version-history":[{"count":0,"href":"https:\/\/diarioregionaldigital.com.br\/index.php?rest_route=\/wp\/v2\/posts\/94089\/revisions"}],"wp:featuredmedia":[{"embeddable":true,"href":"https:\/\/diarioregionaldigital.com.br\/index.php?rest_route=\/wp\/v2\/media\/94088"}],"wp:attachment":[{"href":"https:\/\/diarioregionaldigital.com.br\/index.php?rest_route=%2Fwp%2Fv2%2Fmedia&parent=94089"}],"wp:term":[{"taxonomy":"category","embeddable":true,"href":"https:\/\/diarioregionaldigital.com.br\/index.php?rest_route=%2Fwp%2Fv2%2Fcategories&post=94089"},{"taxonomy":"post_tag","embeddable":true,"href":"https:\/\/diarioregionaldigital.com.br\/index.php?rest_route=%2Fwp%2Fv2%2Ftags&post=94089"}],"curies":[{"name":"wp","href":"https:\/\/api.w.org\/{rel}","templated":true}]}}