{"id":94085,"date":"2018-03-17T12:22:55","date_gmt":"2018-03-17T15:22:55","guid":{"rendered":"http:\/\/diarioregionaljf.com.br\/2018\/03\/17\/secretarias-de-saude-municipal-e-estadual-fazem-acao-conjunta-de-combate-ao-aedes-aegypti\/"},"modified":"2018-03-17T12:22:55","modified_gmt":"2018-03-17T15:22:55","slug":"secretarias-de-saude-municipal-e-estadual-fazem-acao-conjunta-de-combate-ao-aedes-aegypti","status":"publish","type":"post","link":"https:\/\/diarioregionaldigital.com.br\/?p=94085","title":{"rendered":"Secretarias de Sa\u00fade municipal e estadual fazem a\u00e7\u00e3o conjunta de combate ao Aedes aegypti"},"content":{"rendered":"<p>Agentes de Combate a Endemias da Secretaria de Sa\u00fade da Prefeitura de Juiz de Fora participam de uma for\u00e7a-tarefa em parceria com a Secretaria de Estado da Sa\u00fade (SES\/MG) na cidade para o combate ao Aedes aegypti. Os trabalhos acontecem nesta sexta, no s\u00e1bado e domingo nos bairros Grama e Jardim Ema\u00fas, na regi\u00e3o nordeste da cidade.<\/p>\n<p>O objetivo da a\u00e7\u00e3o \u00e9 vistoriar casas e com\u00e9rcios na busca por focos do mosquito transmissor da dengue, Zika, chikungunya e febre amarela urbana. De acordo com o coordenador de campo do Departamento de Vigil\u00e2ncia Epidemiol\u00f3gica e Ambiental da SS, Juvenal Franco, \u00e9 fundamental que a popula\u00e7\u00e3o destas localidades recebam os agentes, abram as portas de suas casas, para que a vistoria e o tratamento de poss\u00edveis focos possam ser feitos, e ou\u00e7am com aten\u00e7\u00e3o as orienta\u00e7\u00f5es dos profissionais.<\/p>\n<p>Os agentes estar\u00e3o circulando pelas ruas dos bairros nesta sexta e no s\u00e1bado, das 8 \u00e0s 16 horas, e no domingo, das 8 \u00e0s 14 horas.<\/p>\n<h4>VACINA, OUTRA FRENTE DE TRABALHO<\/h4>\n<p>No combate \u00e0 febre amarela, outro foco de a\u00e7\u00e3o tem sido a amplia\u00e7\u00e3o da cobertura vacinal da popula\u00e7\u00e3o. Para isto, a Secretaria de Sa\u00fade firmou parcerias com a UFJF e o Shopping Jardim Norte para a aplica\u00e7\u00e3o de vacina em hor\u00e1rios especiais nestes locais, facilitando o acesso dos juiz-foranos.<\/p>\n<p>As equipes estar\u00e3o no Piso L2 do shopping Jardim Norte, em frente \u00e0 Renner, nos pr\u00f3ximos dias 19, 22 e 23, das 19 \u00e0s 21h30, e no dia 21, excepcionalmente, das 10 \u00e0s 12 horas.<\/p>\n<p>Na UFJF, entre os dias 19 e 23,&nbsp;profissionais da PJF e da Faculdade de Enfermagem da UFJF estar\u00e3o no sagu\u00e3o da Reitoria, entre 8 e 16 horas, aplicando a dose \u00fanica da vacina.<\/p>\n<p>Fonte: Assessoria \/ PJF<\/p>\n","protected":false},"excerpt":{"rendered":"<p>Agentes de Combate a Endemias da Secretaria de Sa\u00fade da Prefeitura de Juiz de Fora participam de uma for\u00e7a-tarefa em parceria com a Secretaria de Estado da Sa\u00fade (SES\/MG) na cidade para o combate ao Aedes aegypti. Os trabalhos acontecem nesta sexta, no s\u00e1bado e domingo nos bairros Grama e Jardim Ema\u00fas, na regi\u00e3o nordeste [&hellip;]<\/p>\n","protected":false},"author":96,"featured_media":94084,"comment_status":"closed","ping_status":"closed","sticky":false,"template":"","format":"standard","meta":{"footnotes":""},"categories":[253],"tags":[],"class_list":["post-94085","post","type-post","status-publish","format-standard","has-post-thumbnail","hentry","category-cidade"],"_links":{"self":[{"href":"https:\/\/diarioregionaldigital.com.br\/index.php?rest_route=\/wp\/v2\/posts\/94085","targetHints":{"allow":["GET"]}}],"collection":[{"href":"https:\/\/diarioregionaldigital.com.br\/index.php?rest_route=\/wp\/v2\/posts"}],"about":[{"href":"https:\/\/diarioregionaldigital.com.br\/index.php?rest_route=\/wp\/v2\/types\/post"}],"author":[{"embeddable":true,"href":"https:\/\/diarioregionaldigital.com.br\/index.php?rest_route=\/wp\/v2\/users\/96"}],"replies":[{"embeddable":true,"href":"https:\/\/diarioregionaldigital.com.br\/index.php?rest_route=%2Fwp%2Fv2%2Fcomments&post=94085"}],"version-history":[{"count":0,"href":"https:\/\/diarioregionaldigital.com.br\/index.php?rest_route=\/wp\/v2\/posts\/94085\/revisions"}],"wp:featuredmedia":[{"embeddable":true,"href":"https:\/\/diarioregionaldigital.com.br\/index.php?rest_route=\/wp\/v2\/media\/94084"}],"wp:attachment":[{"href":"https:\/\/diarioregionaldigital.com.br\/index.php?rest_route=%2Fwp%2Fv2%2Fmedia&parent=94085"}],"wp:term":[{"taxonomy":"category","embeddable":true,"href":"https:\/\/diarioregionaldigital.com.br\/index.php?rest_route=%2Fwp%2Fv2%2Fcategories&post=94085"},{"taxonomy":"post_tag","embeddable":true,"href":"https:\/\/diarioregionaldigital.com.br\/index.php?rest_route=%2Fwp%2Fv2%2Ftags&post=94085"}],"curies":[{"name":"wp","href":"https:\/\/api.w.org\/{rel}","templated":true}]}}