{"id":94083,"date":"2018-03-17T12:18:46","date_gmt":"2018-03-17T15:18:46","guid":{"rendered":"http:\/\/diarioregionaljf.com.br\/2018\/03\/17\/agricultura-suspende-temporariamente-venda-de-carne-de-frango-a-uniao-europeia\/"},"modified":"2018-03-17T12:18:46","modified_gmt":"2018-03-17T15:18:46","slug":"agricultura-suspende-temporariamente-venda-de-carne-de-frango-a-uniao-europeia","status":"publish","type":"post","link":"https:\/\/diarioregionaldigital.com.br\/?p=94083","title":{"rendered":"Agricultura suspende temporariamente venda de carne de frango \u00e0 Uni\u00e3o Europeia"},"content":{"rendered":"<p>O Minist\u00e9rio da Agricultura, Pecu\u00e1ria e Abastecimento anunciou nessa sexta-feira, 16, a suspens\u00e3o tempor\u00e1ria das exporta\u00e7\u00f5es de carne de frango da empresa BRF para a Uni\u00e3o Europeia. A medida atinge tr\u00eas plantas frigor\u00edficas de Santa Catarina, localizadas nos munic\u00edpios de Conc\u00f3rdia, Chapec\u00f3 e Capinzal, que ficam impedidas de vender para o bloco europeu.<\/p>\n<p>A medida \u00e9 preventiva e tempor\u00e1ria, enquanto o pa\u00eds presta esclarecimentos sobre as den\u00fancias da terceira fase da Opera\u00e7\u00e3o Carne Fraca, informou o minist\u00e9rio. \u201cNa pr\u00f3xima semana, t\u00e9cnicos do Minist\u00e9rio da Agricultura ir\u00e3o at\u00e9 Bruxelas para reuni\u00e3o com autoridades sanit\u00e1rias da Uni\u00e3o Europeia. A expectativa \u00e9 que, ap\u00f3s o encontro, a medida seja reavaliada\u201d, diz nota divulgada pela pasta.<\/p>\n<p>Santa Catarina \u00e9 o segundo maior produtor de aves do Brasil. No ano passado, a produ\u00e7\u00e3o, cuja maior parte \u00e9 destinada ao mercado externo, ficou em 2,1 milh\u00f5es de toneladas. Segundo a nota, a carne de frango produzida e embarcada antes de 16 de mar\u00e7o pode ser comercializada na Europa e consumida sem restri\u00e7\u00f5es.<\/p>\n<p>A Uni\u00e3o Europeia \u00e9 um importante mercado para a avicultura catarinense e respondeu, no ano passado, por 15,2% das exporta\u00e7\u00f5es de carne de frango. No \u00faltimo ano, 147,8 mil toneladas do produto foram destinadas aos pa\u00edses do bloco europeu, gerando faturamento de US$ 364, 9 milh\u00f5es.<\/p>\n<p>Em nota, a Associa\u00e7\u00e3o Brasileira de Prote\u00edna Animal (ABPA), que representa a avicultura e a suinocultura no pa\u00eds, manifesta confian\u00e7a em uma &#8220;efetiva e imediata solu\u00e7\u00e3o&#8221;, pelo Minist\u00e9rio da Agricultura, para que se retomem as exporta\u00e7\u00f5es. A nota destaca que o setor gera 4,1 milh\u00f5es de empregos diretos e indireto no pa\u00eds, dos quais 100 mil ligados \u00e0 BRF. Segundo a associa\u00e7\u00e3o, a avicultura tamb\u00e9m contribuiu para o saldo positivo da balan\u00e7a comercial em mais de US$ 7 bilh\u00f5es em divisas.<\/p>\n<p>A associa\u00e7\u00e3o destaca ainda que a parceria &#8220;de longa data&#8221; com a Uni\u00e3o Europeia, para cujos pa\u00edses exportou mais de 5 milh\u00f5es de toneladas de carne de frango nos \u00faltimos 10 anos. &#8220;Nunca houve qualquer registro de problemas de sa\u00fade p\u00fablica relacionados \u00e0 carne brasileira. N\u00e3o h\u00e1, portanto, motivos concretos para impor embargos a qualquer empresa de nosso setor, especialmente tratando de fatos passados e que j\u00e1 foram corrigidos&#8221;, afirma a nota.<\/p>\n<h4>OPERA\u00c7\u00c3O CARNE FRACA<\/h4>\n<p>Deflagrada h\u00e1 um ano, pela Pol\u00edcia Federal (PF), a Opera\u00e7\u00e3o Carne Fraca investiga den\u00fancias de fraudes cometidas por fiscais agropecu\u00e1rios federais e empres\u00e1rios ligados \u00e0s empresas JBS e BRF. No dia 5 deste m\u00eas, na terceira etapa da Carne Fraca, que recebeu o nome de Opera\u00e7\u00e3o Trapa\u00e7a, a PF cumpriu 91 ordens judiciais em cinco estados: Paran\u00e1, Santa Catarina, Rio Grande do Sul, Goi\u00e1s e S\u00e3o Paulo, As a\u00e7\u00f5es culminaram na pris\u00e3o tempor\u00e1ria do ex-presidente da BRF Pedro de Andrade Faria e do ex-diretor e vice-presidente H\u00e9lio Rubens Mendes dos Santos J\u00fanior.<\/p>\n<p>Fonte: Ag\u00eancia Brasil<\/p>\n","protected":false},"excerpt":{"rendered":"<p>O Minist\u00e9rio da Agricultura, Pecu\u00e1ria e Abastecimento anunciou nessa sexta-feira, 16, a suspens\u00e3o tempor\u00e1ria das exporta\u00e7\u00f5es de carne de frango da empresa BRF para a Uni\u00e3o Europeia. A medida atinge tr\u00eas plantas frigor\u00edficas de Santa Catarina, localizadas nos munic\u00edpios de Conc\u00f3rdia, Chapec\u00f3 e Capinzal, que ficam impedidas de vender para o bloco europeu. A medida [&hellip;]<\/p>\n","protected":false},"author":96,"featured_media":94082,"comment_status":"closed","ping_status":"closed","sticky":false,"template":"","format":"standard","meta":{"footnotes":""},"categories":[261],"tags":[],"class_list":["post-94083","post","type-post","status-publish","format-standard","has-post-thumbnail","hentry","category-economia"],"_links":{"self":[{"href":"https:\/\/diarioregionaldigital.com.br\/index.php?rest_route=\/wp\/v2\/posts\/94083","targetHints":{"allow":["GET"]}}],"collection":[{"href":"https:\/\/diarioregionaldigital.com.br\/index.php?rest_route=\/wp\/v2\/posts"}],"about":[{"href":"https:\/\/diarioregionaldigital.com.br\/index.php?rest_route=\/wp\/v2\/types\/post"}],"author":[{"embeddable":true,"href":"https:\/\/diarioregionaldigital.com.br\/index.php?rest_route=\/wp\/v2\/users\/96"}],"replies":[{"embeddable":true,"href":"https:\/\/diarioregionaldigital.com.br\/index.php?rest_route=%2Fwp%2Fv2%2Fcomments&post=94083"}],"version-history":[{"count":0,"href":"https:\/\/diarioregionaldigital.com.br\/index.php?rest_route=\/wp\/v2\/posts\/94083\/revisions"}],"wp:featuredmedia":[{"embeddable":true,"href":"https:\/\/diarioregionaldigital.com.br\/index.php?rest_route=\/wp\/v2\/media\/94082"}],"wp:attachment":[{"href":"https:\/\/diarioregionaldigital.com.br\/index.php?rest_route=%2Fwp%2Fv2%2Fmedia&parent=94083"}],"wp:term":[{"taxonomy":"category","embeddable":true,"href":"https:\/\/diarioregionaldigital.com.br\/index.php?rest_route=%2Fwp%2Fv2%2Fcategories&post=94083"},{"taxonomy":"post_tag","embeddable":true,"href":"https:\/\/diarioregionaldigital.com.br\/index.php?rest_route=%2Fwp%2Fv2%2Ftags&post=94083"}],"curies":[{"name":"wp","href":"https:\/\/api.w.org\/{rel}","templated":true}]}}