{"id":94079,"date":"2018-03-17T12:10:12","date_gmt":"2018-03-17T15:10:12","guid":{"rendered":"http:\/\/diarioregionaljf.com.br\/2018\/03\/17\/jungmann-diz-que-municao-que-matou-marielle-foi-roubada-da-pf-na-paraiba\/"},"modified":"2018-03-17T12:10:12","modified_gmt":"2018-03-17T15:10:12","slug":"jungmann-diz-que-municao-que-matou-marielle-foi-roubada-da-pf-na-paraiba","status":"publish","type":"post","link":"https:\/\/diarioregionaldigital.com.br\/?p=94079","title":{"rendered":"Jungmann diz que muni\u00e7\u00e3o que matou Marielle foi roubada da PF na Para\u00edba"},"content":{"rendered":"<p>O ministro extraordin\u00e1rio da Seguran\u00e7a P\u00fablica, Raul Jungmann, confirmou que as muni\u00e7\u00f5es utilizadas no assassinato da vereadora Marielle Franco (PSOL-RJ) e do motorista Anderson Pedro Gomes, na \u00faltima quarta-feira, 14, foram roubadas de um carregamento da Pol\u00edcia Federal. Segundo o ministro, informa\u00e7\u00f5es que chegaram a ele d\u00e3o conta de que a muni\u00e7\u00e3o foi subtra\u00edda da sede dos Correios na Para\u00edba &#8220;anos atr\u00e1s&#8221;.<\/p>\n<p>&#8220;A Pol\u00edcia Federal j\u00e1 abriu mais de 50 inqu\u00e9ritos por conta dessa muni\u00e7\u00e3o desviada. Ent\u00e3o eu acredito que essas c\u00e1psulas encontradas na cena do crime foram efetivamente roubadas. Tamb\u00e9m tem a ver com a chacina de Osasco, j\u00e1 se sabe\u201d, disse, referindo-se \u00e0 morte de 17 pessoas pela Pol\u00edcia Militar de S\u00e3o Paulo, ocorrida em 2015.<\/p>\n<p>De acordo com Jungmann, o carregamento das balas foi dividido em tr\u00eas partes: uma parte ficou em Bras\u00edlia, a segunda foi roubada dos Correios no estado nordestino e outra, segundo informa\u00e7\u00f5es preliminares, teria sido desviada por um escriv\u00e3o da Superintend\u00eancia da PF no Rio de Janeiro.<\/p>\n<p>O ministro disse que a corpora\u00e7\u00e3o destacou &#8220;o melhor especialista em impress\u00f5es digitais e DNA&#8221; para avaliar o material das c\u00e1psulas encontradas no local onde Marielle e o motorista do carro em que ela estava foram mortos.<\/p>\n<p>Sem adiantar detalhes das investiga\u00e7\u00f5es, ele informou que, al\u00e9m da colabora\u00e7\u00e3o da PF na identifica\u00e7\u00e3o de quem manuseou as muni\u00e7\u00f5es, o restante do inqu\u00e9rito sobre o crime est\u00e1 sendo conduzido pela Pol\u00edcia Civil do Rio de Janeiro.<\/p>\n<h4>CRIME<\/h4>\n<p>Na \u00faltima quarta-feira, a vereadora Marielle Franco foi executada com quatro tiros na cabe\u00e7a, quando ia para casa no bairro da Tijuca, zona norte do Rio, retornando de um evento ligado ao movimento negro, na Lapa. A parlamentar viajava no banco de tr\u00e1s do carro, quando criminosos emparelharam um ve\u00edculo com o carro da v\u00edtima e dispararam nove vezes. O motorista do ve\u00edculo Anderson Gomes tamb\u00e9m morreu. Uma assessora que tamb\u00e9m estava no carro sobreviveu ao ataque.<\/p>\n<p>Raul Jungmann conversou com a imprensa ap\u00f3s fazer uma visita \u00e0 sede da Confer\u00eancia Nacional dos Bispos do Brasil (CNBB). Segundo ele, a interven\u00e7\u00e3o federal na seguran\u00e7a do estado do Rio, decretada h\u00e1 um m\u00eas pelo presidente Michel Temer, &#8220;n\u00e3o faz m\u00e1gica, mas est\u00e1 no caminho certo&#8221;.<\/p>\n<p>Ao ser perguntado se o crime pode abalar a interven\u00e7\u00e3o federal, ele respondeu: \u201cSe esse crime, e isso \u00e9 uma hip\u00f3tese, foi cometido no sentido de confrontar a interven\u00e7\u00e3o, \u00e9 preciso dizer duas coisas: se isso est\u00e1 acontecendo \u00e9 porque interven\u00e7\u00e3o est\u00e1 no caminho certo. A interven\u00e7\u00e3o est\u00e1 levando exatamente o crime a reagir contra o que vem dando certo, que est\u00e1 sendo feito e vai continuar sendo feito. Em segundo lugar, isso n\u00e3o nos abala. \u00c9 uma trag\u00e9dia que n\u00f3s gostar\u00edamos que nunca acontecesse, mas isso s\u00f3 nos d\u00e1 mais for\u00e7a e determina\u00e7\u00e3o para prosseguir adiante\u201d, afirmou.<\/p>\n<p>Fonte: Ag\u00eancia Brasil<\/p>\n","protected":false},"excerpt":{"rendered":"<p>O ministro extraordin\u00e1rio da Seguran\u00e7a P\u00fablica, Raul Jungmann, confirmou que as muni\u00e7\u00f5es utilizadas no assassinato da vereadora Marielle Franco (PSOL-RJ) e do motorista Anderson Pedro Gomes, na \u00faltima quarta-feira, 14, foram roubadas de um carregamento da Pol\u00edcia Federal. Segundo o ministro, informa\u00e7\u00f5es que chegaram a ele d\u00e3o conta de que a muni\u00e7\u00e3o foi subtra\u00edda da [&hellip;]<\/p>\n","protected":false},"author":96,"featured_media":94078,"comment_status":"closed","ping_status":"closed","sticky":false,"template":"","format":"standard","meta":{"footnotes":""},"categories":[302],"tags":[],"class_list":["post-94079","post","type-post","status-publish","format-standard","has-post-thumbnail","hentry","category-brasil-mundo"],"_links":{"self":[{"href":"https:\/\/diarioregionaldigital.com.br\/index.php?rest_route=\/wp\/v2\/posts\/94079","targetHints":{"allow":["GET"]}}],"collection":[{"href":"https:\/\/diarioregionaldigital.com.br\/index.php?rest_route=\/wp\/v2\/posts"}],"about":[{"href":"https:\/\/diarioregionaldigital.com.br\/index.php?rest_route=\/wp\/v2\/types\/post"}],"author":[{"embeddable":true,"href":"https:\/\/diarioregionaldigital.com.br\/index.php?rest_route=\/wp\/v2\/users\/96"}],"replies":[{"embeddable":true,"href":"https:\/\/diarioregionaldigital.com.br\/index.php?rest_route=%2Fwp%2Fv2%2Fcomments&post=94079"}],"version-history":[{"count":0,"href":"https:\/\/diarioregionaldigital.com.br\/index.php?rest_route=\/wp\/v2\/posts\/94079\/revisions"}],"wp:featuredmedia":[{"embeddable":true,"href":"https:\/\/diarioregionaldigital.com.br\/index.php?rest_route=\/wp\/v2\/media\/94078"}],"wp:attachment":[{"href":"https:\/\/diarioregionaldigital.com.br\/index.php?rest_route=%2Fwp%2Fv2%2Fmedia&parent=94079"}],"wp:term":[{"taxonomy":"category","embeddable":true,"href":"https:\/\/diarioregionaldigital.com.br\/index.php?rest_route=%2Fwp%2Fv2%2Fcategories&post=94079"},{"taxonomy":"post_tag","embeddable":true,"href":"https:\/\/diarioregionaldigital.com.br\/index.php?rest_route=%2Fwp%2Fv2%2Ftags&post=94079"}],"curies":[{"name":"wp","href":"https:\/\/api.w.org\/{rel}","templated":true}]}}