{"id":94077,"date":"2018-03-16T23:05:43","date_gmt":"2018-03-17T02:05:43","guid":{"rendered":"http:\/\/diarioregionaljf.com.br\/2018\/03\/16\/forca-aerea-vai-distribuir-800-refeicoes-por-dia-a-imigrantes-venezuelanos\/"},"modified":"2018-03-16T23:05:43","modified_gmt":"2018-03-17T02:05:43","slug":"forca-aerea-vai-distribuir-800-refeicoes-por-dia-a-imigrantes-venezuelanos","status":"publish","type":"post","link":"https:\/\/diarioregionaldigital.com.br\/?p=94077","title":{"rendered":"For\u00e7a A\u00e9rea vai distribuir 800 refei\u00e7\u00f5es por dia a imigrantes venezuelanos"},"content":{"rendered":"<p>Para acolher os imigrantes venezuelanos que v\u00eam ao Brasil em busca de melhores condi\u00e7\u00f5es de vida, a For\u00e7a A\u00e9rea Brasileira (FAB) come\u00e7ou a produzir cerca de 800 refei\u00e7\u00f5es por dia em Roraima. Em Boa Vista, est\u00e3o sendo distribu\u00eddos 400 pratos no almo\u00e7o e 400 no jantar.<\/p>\n<p>\u201cA previs\u00e3o \u00e9 que, com o tempo, sejam produzidas 4,5 mil refei\u00e7\u00f5es por dia para serem distribu\u00eddas aos venezuelanos, sendo 1,5 mil no caf\u00e9 da manh\u00e3, 1,5 mil no almo\u00e7o e 1,5 mil no jantar. A distribui\u00e7\u00e3o \u00e9 feita pelo Ex\u00e9rcito diretamente nos abrigos do munic\u00edpio\u201d, explicou o Major Solano Magalh\u00e3es de Carvalho Vila Nova, chefe do Grupamento de Apoio de Boa Vista.<\/p>\n<p>Segundo a FAB, cerca de 800 imigrantes chegam por dia a Roraima, em sua maioria, pela cidade de Pacaraima, que fica na fronteira com a Venezuela \u2014 neste ano, mais de 24 mil venezuelanos entraram no Pa\u00eds pela cidade.<\/p>\n<h4>Medidas<\/h4>\n<p>Na \u00faltima segunda, 12, o Minist\u00e9rio do Desenvolvimento Social autorizou repasse emergencial de R$ 600 mil \u00e0 prefeitura do munic\u00edpio para ajudar os venezuelanos.<\/p>\n<p>Ainda nesta semana, por meio de medida provis\u00f3ria, o presidente da Rep\u00fablica, Michel Temer, autorizou a libera\u00e7\u00e3o de R$ 190 milh\u00f5es ao Minist\u00e9rio da Defesa, que devem ser utilizados a\u00e7\u00f5es de emerg\u00eancia no estado.<\/p>\n<hr \/>\n<p>&nbsp;Fonte: Portal Brasil<\/p>\n","protected":false},"excerpt":{"rendered":"<p>Para acolher os imigrantes venezuelanos que v\u00eam ao Brasil em busca de melhores condi\u00e7\u00f5es de vida, a For\u00e7a A\u00e9rea Brasileira (FAB) come\u00e7ou a produzir cerca de 800 refei\u00e7\u00f5es por dia em Roraima. Em Boa Vista, est\u00e3o sendo distribu\u00eddos 400 pratos no almo\u00e7o e 400 no jantar. \u201cA previs\u00e3o \u00e9 que, com o tempo, sejam produzidas [&hellip;]<\/p>\n","protected":false},"author":96,"featured_media":94076,"comment_status":"closed","ping_status":"closed","sticky":false,"template":"","format":"standard","meta":{"footnotes":""},"categories":[302],"tags":[],"class_list":["post-94077","post","type-post","status-publish","format-standard","has-post-thumbnail","hentry","category-brasil-mundo"],"_links":{"self":[{"href":"https:\/\/diarioregionaldigital.com.br\/index.php?rest_route=\/wp\/v2\/posts\/94077","targetHints":{"allow":["GET"]}}],"collection":[{"href":"https:\/\/diarioregionaldigital.com.br\/index.php?rest_route=\/wp\/v2\/posts"}],"about":[{"href":"https:\/\/diarioregionaldigital.com.br\/index.php?rest_route=\/wp\/v2\/types\/post"}],"author":[{"embeddable":true,"href":"https:\/\/diarioregionaldigital.com.br\/index.php?rest_route=\/wp\/v2\/users\/96"}],"replies":[{"embeddable":true,"href":"https:\/\/diarioregionaldigital.com.br\/index.php?rest_route=%2Fwp%2Fv2%2Fcomments&post=94077"}],"version-history":[{"count":0,"href":"https:\/\/diarioregionaldigital.com.br\/index.php?rest_route=\/wp\/v2\/posts\/94077\/revisions"}],"wp:featuredmedia":[{"embeddable":true,"href":"https:\/\/diarioregionaldigital.com.br\/index.php?rest_route=\/wp\/v2\/media\/94076"}],"wp:attachment":[{"href":"https:\/\/diarioregionaldigital.com.br\/index.php?rest_route=%2Fwp%2Fv2%2Fmedia&parent=94077"}],"wp:term":[{"taxonomy":"category","embeddable":true,"href":"https:\/\/diarioregionaldigital.com.br\/index.php?rest_route=%2Fwp%2Fv2%2Fcategories&post=94077"},{"taxonomy":"post_tag","embeddable":true,"href":"https:\/\/diarioregionaldigital.com.br\/index.php?rest_route=%2Fwp%2Fv2%2Ftags&post=94077"}],"curies":[{"name":"wp","href":"https:\/\/api.w.org\/{rel}","templated":true}]}}