{"id":94075,"date":"2018-03-16T22:59:34","date_gmt":"2018-03-17T01:59:34","guid":{"rendered":"http:\/\/diarioregionaljf.com.br\/2018\/03\/16\/onu-pede-us-951-milhoes-para-ajudar-na-crise-dos-rohingyas\/"},"modified":"2018-03-16T22:59:34","modified_gmt":"2018-03-17T01:59:34","slug":"onu-pede-us-951-milhoes-para-ajudar-na-crise-dos-rohingyas","status":"publish","type":"post","link":"https:\/\/diarioregionaldigital.com.br\/?p=94075","title":{"rendered":"ONU pede US$951 milh\u00f5es para ajudar na crise dos rohingyas"},"content":{"rendered":"<p>As Na\u00e7\u00f5es Unidas lan\u00e7aram nesta sexta-feira, 16, em Genebra, na Su\u00ed\u00e7a, o Plano Conjunto de Resposta para a Crise Humanit\u00e1ria Rohingya, visando captar US$951 milh\u00f5es para ajudar, at\u00e9 ao final desse ano, 1,3 milh\u00e3o de pessoas dessa etnia envolvida numa crise de refugiados. O pedido reuniu 130 parceiros no total, incluindo ag\u00eancias da ONU e ONGs internacionais.<\/p>\n<p>Segundo o apelo, \u201c\u00e9 necess\u00e1rio financiamento urgente para satisfazer as necessidades humanit\u00e1rias essenciais dos refugiados e das comunidades de acolhimento.\u201d Mais da metade dos fundos ser\u00e1 usada em comida, abrigos e seguran\u00e7a.<\/p>\n<p>At\u00e9 o final do ano, a ajuda ser\u00e1 distribu\u00edda a 884 mil refugiados rohingyas e 336 mil membros das comunidades que os acolhem. O documento inclui planos de conting\u00eancia que preveem a chegada de mais 80 mil refugiados nos pr\u00f3ximos meses.<\/p>\n<p>Nos campos de refugiados j\u00e1 existentes s\u00e3o necess\u00e1rios cerca de 16 milh\u00f5es de litros \u00e1gua pot\u00e1vel todos os dias e mais de 12 mil toneladas de comida por m\u00eas. Al\u00e9m disso, precisam ser constru\u00eddas 50 mil latrinas e 180 mil fam\u00edlias necessitam de combust\u00edvel para cozinhar.<\/p>\n<p>O plano diz que s\u00e3o precisos 200 centros de cuidados m\u00e9dicos e 5 mil salas de aulas para as cerca de 614 mil crian\u00e7as e jovens. Existem 22 mil crian\u00e7as consideradas em risco e que devem receber ajuda priorit\u00e1ria. A ONU calcula que perto de 400 mil crian\u00e7as precisam de apoio p\u00f3s-trauma.<\/p>\n<h4>Desafios<\/h4>\n<p>O documento destaca que existem v\u00e1rios desafios a serem enfrentados, e cita as condi\u00e7\u00f5es superlotadas dos campos, centenas de incidentes de viol\u00eancia de g\u00eanero reportados todas as semanas e problemas de sa\u00fade, como sarampo e difteria.<\/p>\n<p>Segundo o apelo da ONU, as primeiras chuvas que chegam nas pr\u00f3ximas semanas podem provocar deslizamentos, cheias e surtos de doen\u00e7as. Mais de 150 mil refugiados vivem em \u00e1reas que v\u00e3o desabar ou ficar alagadas durante as chuvas.<\/p>\n<p>O pedido termina dizendo que esta \u201c\u00e9 uma crise humanit\u00e1ria grave e que precisa de financiamento urgente para prestar uma ajuda essencial a milhares de pessoas.\u201d Os autores defendem que \u00e9 preciso \u201ccomplementar a extraordin\u00e1ria generosidade do governo do Bangladesh.\u201d<\/p>\n<h4>Entenda a crise dos rohingya<\/h4>\n<p>A crise tem origem em Myanmar (antiga Birm\u00e2nia), pa\u00eds do sul da \u00c1sia continental, governado por uma junta militar e limitado ao norte e nordeste pela China, a leste pelo Laos, a sudeste pela Tail\u00e2ndia, ao sul pelo Mar de Andam\u00e3o e pelo Canal do Coco, a oeste pelo Golfo de Bengala e a noroeste por Bangladesh e pela \u00cdndia. A cultura e religi\u00e3o do pa\u00eds baseia-se predominantemente no budismo theravada, temperado por elementos locais.<\/p>\n<p>Depois de anos de tens\u00f5es \u00e9tnicas, a viol\u00eancia eclodiu na regi\u00e3o oeste de Myanmar opondo a minoria mu\u00e7ulmana rohingya e o ex\u00e9rcito birman\u00eas, apoiado por mil\u00edcias budistas.<\/p>\n<p>Os confrontos come\u00e7aram em meados do ano passado e de l\u00e1 pra c\u00e1 s\u00f3 aumentaram, fazendo com que mais de milh\u00e3o de rohingyas buscasse ref\u00fagio no pa\u00eds vizinho, Bangladesh, de maioria mu\u00e7ulmana. O resultado \u00e9 uma crise humanit\u00e1ria sem precedentes, que vem sendo ignorada pela comunidade internacional e o governo de Myanmar.<\/p>\n<hr \/>\n<p>&nbsp;Fonte: Ag\u00eancia Brasil<\/p>\n","protected":false},"excerpt":{"rendered":"<p>As Na\u00e7\u00f5es Unidas lan\u00e7aram nesta sexta-feira, 16, em Genebra, na Su\u00ed\u00e7a, o Plano Conjunto de Resposta para a Crise Humanit\u00e1ria Rohingya, visando captar US$951 milh\u00f5es para ajudar, at\u00e9 ao final desse ano, 1,3 milh\u00e3o de pessoas dessa etnia envolvida numa crise de refugiados. O pedido reuniu 130 parceiros no total, incluindo ag\u00eancias da ONU e [&hellip;]<\/p>\n","protected":false},"author":96,"featured_media":94074,"comment_status":"closed","ping_status":"closed","sticky":false,"template":"","format":"standard","meta":{"footnotes":""},"categories":[261],"tags":[],"class_list":["post-94075","post","type-post","status-publish","format-standard","has-post-thumbnail","hentry","category-economia"],"_links":{"self":[{"href":"https:\/\/diarioregionaldigital.com.br\/index.php?rest_route=\/wp\/v2\/posts\/94075","targetHints":{"allow":["GET"]}}],"collection":[{"href":"https:\/\/diarioregionaldigital.com.br\/index.php?rest_route=\/wp\/v2\/posts"}],"about":[{"href":"https:\/\/diarioregionaldigital.com.br\/index.php?rest_route=\/wp\/v2\/types\/post"}],"author":[{"embeddable":true,"href":"https:\/\/diarioregionaldigital.com.br\/index.php?rest_route=\/wp\/v2\/users\/96"}],"replies":[{"embeddable":true,"href":"https:\/\/diarioregionaldigital.com.br\/index.php?rest_route=%2Fwp%2Fv2%2Fcomments&post=94075"}],"version-history":[{"count":0,"href":"https:\/\/diarioregionaldigital.com.br\/index.php?rest_route=\/wp\/v2\/posts\/94075\/revisions"}],"wp:featuredmedia":[{"embeddable":true,"href":"https:\/\/diarioregionaldigital.com.br\/index.php?rest_route=\/wp\/v2\/media\/94074"}],"wp:attachment":[{"href":"https:\/\/diarioregionaldigital.com.br\/index.php?rest_route=%2Fwp%2Fv2%2Fmedia&parent=94075"}],"wp:term":[{"taxonomy":"category","embeddable":true,"href":"https:\/\/diarioregionaldigital.com.br\/index.php?rest_route=%2Fwp%2Fv2%2Fcategories&post=94075"},{"taxonomy":"post_tag","embeddable":true,"href":"https:\/\/diarioregionaldigital.com.br\/index.php?rest_route=%2Fwp%2Fv2%2Ftags&post=94075"}],"curies":[{"name":"wp","href":"https:\/\/api.w.org\/{rel}","templated":true}]}}