{"id":94073,"date":"2018-03-16T22:58:04","date_gmt":"2018-03-17T01:58:04","guid":{"rendered":"http:\/\/diarioregionaljf.com.br\/2018\/03\/16\/temer-diz-que-entregou-mais-escrituras-que-governos-dos-ultimos-10-anos\/"},"modified":"2018-03-16T22:58:04","modified_gmt":"2018-03-17T01:58:04","slug":"temer-diz-que-entregou-mais-escrituras-que-governos-dos-ultimos-10-anos","status":"publish","type":"post","link":"https:\/\/diarioregionaldigital.com.br\/?p=94073","title":{"rendered":"Temer diz que entregou mais escrituras que governos dos \u00faltimos 10 anos"},"content":{"rendered":"<p>Em cerim\u00f4nia da entrega de t\u00edtulos fundi\u00e1rios, realizada na tarde de hoje, 16, em Caraguatatuba (SP), o presidente Michel Temer destacou o volume de escrituras urbanas e rurais que seu governo tem entregue.<\/p>\n<p>\u201cApenas em 2017 nosso governo emitiu mais t\u00edtulos definitivos que governos anteriores nos \u00faltimos dez anos somados. T\u00eam assentados rurais que est\u00e3o h\u00e1 anos e anos sem receber o seu t\u00edtulo. Ou seja, fica numa situa\u00e7\u00e3o de precariedade. Por isso que essa cerim\u00f4nia simboliza mais que a entrega de um papel. Ela revela a dignidade da pessoa\u201d, disse o presidente.<\/p>\n<p>Foram entregues 9 mil t\u00edtulos imobili\u00e1rios em Caraguatatuba, mas o presidente destacou que ministros de seu governo estavam \u201cem v\u00e1rios estados\u201d fazendo o mesmo. Segundo Temer, o total de t\u00edtulos entregues chega a quase 100 mil s\u00f3 este m\u00eas. No caso dos trabalhadores rurais, o governo tamb\u00e9m disponibiliza R$12 milh\u00f5es de cr\u00e9dito para iniciar a produ\u00e7\u00e3o. At\u00e9 o final do ano ser\u00e3o<br \/>R$85 milh\u00f5es para esse fim.<\/p>\n<p>Estar no litoral norte de S\u00e3o Paulo fez o presidente lembrar da \u00e9poca que fazia campanha pol\u00edtica para deputado federal. Em ano de elei\u00e7\u00e3o, e ainda sem um candidato do governo para concorrer \u00e0 Presid\u00eancia, Temer disse \u201csentir saudade\u201d da \u00e9poca de campanha.<\/p>\n<p>\u201cOlho para o audit\u00f3rio e vejo com alegria tantas fisionomias conhecidas. Come\u00e7o a sentir saudade do tempo que eu fazia campanha para deputado federal. Porque eu tive seis mandatos, ent\u00e3o percorria todos os munic\u00edpios. Mas essa regi\u00e3o de Caragu\u00e1 [Caraguatatuba], Ilha Bela, essa regi\u00e3o eu frequentava muito. Toda vez que a gente vem aqui, a gente se sente em casa\u201d.<\/p>\n<hr \/>\n<p>&nbsp;Fonte: Ag\u00eancia Brasil<\/p>\n","protected":false},"excerpt":{"rendered":"<p>Em cerim\u00f4nia da entrega de t\u00edtulos fundi\u00e1rios, realizada na tarde de hoje, 16, em Caraguatatuba (SP), o presidente Michel Temer destacou o volume de escrituras urbanas e rurais que seu governo tem entregue. \u201cApenas em 2017 nosso governo emitiu mais t\u00edtulos definitivos que governos anteriores nos \u00faltimos dez anos somados. T\u00eam assentados rurais que est\u00e3o [&hellip;]<\/p>\n","protected":false},"author":96,"featured_media":94072,"comment_status":"closed","ping_status":"closed","sticky":false,"template":"","format":"standard","meta":{"footnotes":""},"categories":[254],"tags":[],"class_list":["post-94073","post","type-post","status-publish","format-standard","has-post-thumbnail","hentry","category-politica"],"_links":{"self":[{"href":"https:\/\/diarioregionaldigital.com.br\/index.php?rest_route=\/wp\/v2\/posts\/94073","targetHints":{"allow":["GET"]}}],"collection":[{"href":"https:\/\/diarioregionaldigital.com.br\/index.php?rest_route=\/wp\/v2\/posts"}],"about":[{"href":"https:\/\/diarioregionaldigital.com.br\/index.php?rest_route=\/wp\/v2\/types\/post"}],"author":[{"embeddable":true,"href":"https:\/\/diarioregionaldigital.com.br\/index.php?rest_route=\/wp\/v2\/users\/96"}],"replies":[{"embeddable":true,"href":"https:\/\/diarioregionaldigital.com.br\/index.php?rest_route=%2Fwp%2Fv2%2Fcomments&post=94073"}],"version-history":[{"count":0,"href":"https:\/\/diarioregionaldigital.com.br\/index.php?rest_route=\/wp\/v2\/posts\/94073\/revisions"}],"wp:featuredmedia":[{"embeddable":true,"href":"https:\/\/diarioregionaldigital.com.br\/index.php?rest_route=\/wp\/v2\/media\/94072"}],"wp:attachment":[{"href":"https:\/\/diarioregionaldigital.com.br\/index.php?rest_route=%2Fwp%2Fv2%2Fmedia&parent=94073"}],"wp:term":[{"taxonomy":"category","embeddable":true,"href":"https:\/\/diarioregionaldigital.com.br\/index.php?rest_route=%2Fwp%2Fv2%2Fcategories&post=94073"},{"taxonomy":"post_tag","embeddable":true,"href":"https:\/\/diarioregionaldigital.com.br\/index.php?rest_route=%2Fwp%2Fv2%2Ftags&post=94073"}],"curies":[{"name":"wp","href":"https:\/\/api.w.org\/{rel}","templated":true}]}}