{"id":94069,"date":"2018-03-16T22:35:57","date_gmt":"2018-03-17T01:35:57","guid":{"rendered":"http:\/\/diarioregionaljf.com.br\/2018\/03\/16\/cimo-engenharia-e-solucoes-ambientais-realiza-dia-mundial-da-floresta-em-jf\/"},"modified":"2018-03-16T22:35:57","modified_gmt":"2018-03-17T01:35:57","slug":"cimo-engenharia-e-solucoes-ambientais-realiza-dia-mundial-da-floresta-em-jf","status":"publish","type":"post","link":"https:\/\/diarioregionaldigital.com.br\/?p=94069","title":{"rendered":"CIMO Engenharia e Solu\u00e7\u00f5es Ambientais realiza \u201cDia Mundial da Floresta\u201d em JF"},"content":{"rendered":"<p>No pr\u00f3ximo dia 21, a CIMO, Engenharia e Solu\u00e7\u00f5es Ambientais, comemora o \u201cDia Mundial da Floresta\u201d. Est\u00e3o programadas atividades educativas com crian\u00e7as da Escola Municipal Uni\u00e3o Bet\u00e2nia e do Col\u00e9gio Militar e palestras na Universidade Federal de Juiz de Fora (UFJF) com especialistas da \u00e1rea, que debater\u00e3o a import\u00e2ncia do tema. O evento \u00e9 gratuito e aberto ao p\u00fablico.<\/p>\n<p>\u201cPela manh\u00e3, vamos promover juntamente com as crian\u00e7as das escolas, o plantio de mudas nativas no Campo de Instru\u00e7\u00e3o do Ex\u00e9rcito. O objetivo \u00e9 conscientizar os jovens atrav\u00e9s da educa\u00e7\u00e3o ambiental. Durante a tarde, o evento ser\u00e1 destinado a empres\u00e1rios, entusiastas e estudantes de engenharia ambiental. Ser\u00e3o v\u00e1rias palestras com especialistas que ir\u00e3o abordar o assunto\u201d, explica o s\u00f3cio- Diretor da Cimo Engenharia e Solu\u00e7\u00f5es Ambientais, Gustavo Pereira Mesquita.<\/p>\n<p>A data tamb\u00e9m ser\u00e1 a oportunidade de divulgar o um sistema de gerenciamento de ativos de plantas, a\u00e7\u00e3o esta que \u00e9 pioneira na cidade. \u201cO sistema funciona atrav\u00e9s de etiquetas com QR Code. Cada muda plantada pelas crian\u00e7as receber\u00e1 um n\u00famero, em que s\u00e3o obtidas a posi\u00e7\u00e3o georreferenciada, que indica onde ela foi plantada, as coordenadas, a esp\u00e9cie e outras informa\u00e7\u00f5es. Atrav\u00e9s de um link, que ainda vai ser disponibilizado, vai ser poss\u00edvel a popula\u00e7\u00e3o acompanhar o relat\u00f3rio. Tudo vai estar no sistema, inclusive, para fins de fiscaliza\u00e7\u00e3o dos \u00f3rg\u00e3os de prote\u00e7\u00e3o\u201d, explica.<\/p>\n<p>Mesquita tamb\u00e9m refor\u00e7a a import\u00e2ncia da data. \u201cAs florestas t\u00eam grande import\u00e2ncia clim\u00e1tica, ecol\u00f3gica, de biodiversidade, que muitas vezes passa por despercebido. Como temos em grandes quantidades, parece que n\u00e3o damos o devido reconhecimento, o que provoca uma s\u00e9rie de conseq\u00fc\u00eancias, como as secas que temos vivido nos \u00faltimos anos\u201d, ressalta.<\/p>\n<p>&nbsp;<\/p>\n<h4>PROGRAMA\u00c7\u00c3O:<\/h4>\n<p>Evento: Dia Mundial da Floresta<br \/>Data: 21 de mar\u00e7o<\/p>\n<p>Parte da manh\u00e3: In\u00edcio do plantio das mudas 8h30, Campo de Instru\u00e7\u00e3o do Ex\u00e9rcito (CIJF\/CEAC).<\/p>\n<p>Parte da tarde: In\u00edcio do ciclo de palestras 14h, Faculdade de Engenharia \u2013 UFJF.<\/p>\n","protected":false},"excerpt":{"rendered":"<p>No pr\u00f3ximo dia 21, a CIMO, Engenharia e Solu\u00e7\u00f5es Ambientais, comemora o \u201cDia Mundial da Floresta\u201d. Est\u00e3o programadas atividades educativas com crian\u00e7as da Escola Municipal Uni\u00e3o Bet\u00e2nia e do Col\u00e9gio Militar e palestras na Universidade Federal de Juiz de Fora (UFJF) com especialistas da \u00e1rea, que debater\u00e3o a import\u00e2ncia do tema. O evento \u00e9 gratuito [&hellip;]<\/p>\n","protected":false},"author":96,"featured_media":94068,"comment_status":"closed","ping_status":"closed","sticky":false,"template":"","format":"standard","meta":{"footnotes":""},"categories":[253],"tags":[],"class_list":["post-94069","post","type-post","status-publish","format-standard","has-post-thumbnail","hentry","category-cidade"],"_links":{"self":[{"href":"https:\/\/diarioregionaldigital.com.br\/index.php?rest_route=\/wp\/v2\/posts\/94069","targetHints":{"allow":["GET"]}}],"collection":[{"href":"https:\/\/diarioregionaldigital.com.br\/index.php?rest_route=\/wp\/v2\/posts"}],"about":[{"href":"https:\/\/diarioregionaldigital.com.br\/index.php?rest_route=\/wp\/v2\/types\/post"}],"author":[{"embeddable":true,"href":"https:\/\/diarioregionaldigital.com.br\/index.php?rest_route=\/wp\/v2\/users\/96"}],"replies":[{"embeddable":true,"href":"https:\/\/diarioregionaldigital.com.br\/index.php?rest_route=%2Fwp%2Fv2%2Fcomments&post=94069"}],"version-history":[{"count":0,"href":"https:\/\/diarioregionaldigital.com.br\/index.php?rest_route=\/wp\/v2\/posts\/94069\/revisions"}],"wp:featuredmedia":[{"embeddable":true,"href":"https:\/\/diarioregionaldigital.com.br\/index.php?rest_route=\/wp\/v2\/media\/94068"}],"wp:attachment":[{"href":"https:\/\/diarioregionaldigital.com.br\/index.php?rest_route=%2Fwp%2Fv2%2Fmedia&parent=94069"}],"wp:term":[{"taxonomy":"category","embeddable":true,"href":"https:\/\/diarioregionaldigital.com.br\/index.php?rest_route=%2Fwp%2Fv2%2Fcategories&post=94069"},{"taxonomy":"post_tag","embeddable":true,"href":"https:\/\/diarioregionaldigital.com.br\/index.php?rest_route=%2Fwp%2Fv2%2Ftags&post=94069"}],"curies":[{"name":"wp","href":"https:\/\/api.w.org\/{rel}","templated":true}]}}