{"id":94067,"date":"2018-03-16T22:28:44","date_gmt":"2018-03-17T01:28:44","guid":{"rendered":"http:\/\/diarioregionaljf.com.br\/2018\/03\/16\/fashion-news-18-de-marco-de-2018\/"},"modified":"2018-03-16T22:28:44","modified_gmt":"2018-03-17T01:28:44","slug":"fashion-news-18-de-marco-de-2018","status":"publish","type":"post","link":"https:\/\/diarioregionaldigital.com.br\/?p=94067","title":{"rendered":"FASHION NEWS &#8211; 18 de mar\u00e7o de 2018"},"content":{"rendered":"<h4 style=\"text-align: center;\">BILLABONG LAB X IGGY POP LACOSTE<\/h4>\n<p><img loading=\"lazy\" decoding=\"async\" class=\" size-full wp-image-94056\" src=\"http:\/\/diarioregionaljf.com.br\/wp-content\/uploads\/2018\/03\/diario-int-25172-1.jpg\" alt=\"Billabong Lab x Iggy Pop.jpg\" style=\"display: block; margin-left: auto; margin-right: auto;\" width=\"612\" height=\"450\" srcset=\"https:\/\/diarioregionaldigital.com.br\/wp-content\/uploads\/2018\/03\/diario-int-25172-1.jpg 612w, https:\/\/diarioregionaldigital.com.br\/wp-content\/uploads\/2018\/03\/diario-int-25172-1-300x221.jpg 300w, https:\/\/diarioregionaldigital.com.br\/wp-content\/uploads\/2018\/03\/diario-int-25172-1-360x265.jpg 360w\" sizes=\"auto, (max-width: 612px) 100vw, 612px\" \/><\/p>\n<p style=\"text-align: center;\">A BillabongLab &#8211; uma divis\u00e3o da marca que&nbsp;apoia artistas, m\u00fasicos, designers, fot\u00f3grafos e&nbsp;\u00edcones do surf \u2013 acaba de lan\u00e7ar uma colab com&nbsp;o \u00edcone do punk Iggy Pop. A cole\u00e7\u00e3o composta&nbsp;com camisas, bermudas e bon\u00e9s \u00e9 inspirada no&nbsp;punk do final dos anos 1980 e 90, quando Pop&nbsp;era presen\u00e7a constante na cena do surf e skate.&nbsp;A cole\u00e7\u00e3o j\u00e1 pode ser encontrada em lojas espalhadas&nbsp;pelo Brasil e nos e-commerces da Billabon&nbsp;e Surf Alive.<\/p>\n<p><img loading=\"lazy\" decoding=\"async\" class=\" size-full wp-image-94057\" src=\"http:\/\/diarioregionaljf.com.br\/wp-content\/uploads\/2018\/03\/diario-int-25172-2.jpg\" alt=\"LACOSTE.jpg\" style=\"display: block; margin-left: auto; margin-right: auto;\" width=\"600\" height=\"400\" srcset=\"https:\/\/diarioregionaldigital.com.br\/wp-content\/uploads\/2018\/03\/diario-int-25172-2.jpg 600w, https:\/\/diarioregionaldigital.com.br\/wp-content\/uploads\/2018\/03\/diario-int-25172-2-300x200.jpg 300w, https:\/\/diarioregionaldigital.com.br\/wp-content\/uploads\/2018\/03\/diario-int-25172-2-360x240.jpg 360w\" sizes=\"auto, (max-width: 600px) 100vw, 600px\" \/><\/p>\n<p style=\"text-align: center;\">Antenada \u00e0s quest\u00f5es ambientais atuais, a Lacoste&nbsp;apresentou uma cole\u00e7\u00e3o um pouco diferente&nbsp;no seu \u00faltimo desfile em Paris. A marca francesa&nbsp;substituiu o lend\u00e1rio jacar\u00e9, seu \u00edcone, por 10&nbsp;esp\u00e9cies de animais amea\u00e7ados de extin\u00e7\u00e3o. A&nbsp;iniciativa da marca juntamente com a Uni\u00e3o Internacional para Conserva\u00e7\u00e3o da Natureza (IUCN)&nbsp;tem como objetivo conscientizar a popula\u00e7\u00e3o sobre&nbsp;os impactos na natureza e recebeu o nome&nbsp;de Save Our Species. As pe\u00e7as s\u00e3o uma edi\u00e7\u00e3o&nbsp;ultra limitada, o n\u00famero de polos produzidas para&nbsp;cada animal bordado \u00e9 referente ao n\u00famero total&nbsp;de animais restantes da esp\u00e9cie. As pe\u00e7as j\u00e1 est\u00e3o&nbsp;esgotadas no e-commerce da grife.<\/p>\n<hr \/>\n<h4 style=\"text-align: center;\">RED TAG PROJECT<\/h4>\n<p style=\"text-align: center;\"><img loading=\"lazy\" decoding=\"async\" class=\" size-full wp-image-94058\" src=\"http:\/\/diarioregionaljf.com.br\/wp-content\/uploads\/2018\/03\/diario-int-25172-3.jpg\" alt=\"RED TAG PROJECT.jpg\" style=\"display: block; margin-left: auto; margin-right: auto;\" width=\"680\" height=\"383\" srcset=\"https:\/\/diarioregionaldigital.com.br\/wp-content\/uploads\/2018\/03\/diario-int-25172-3.jpg 680w, https:\/\/diarioregionaldigital.com.br\/wp-content\/uploads\/2018\/03\/diario-int-25172-3-300x169.jpg 300w, https:\/\/diarioregionaldigital.com.br\/wp-content\/uploads\/2018\/03\/diario-int-25172-3-360x203.jpg 360w\" sizes=\"auto, (max-width: 680px) 100vw, 680px\" \/><\/p>\n<p style=\"text-align: center;\">Red Tag Project \u00e9 o novo projeto da Diesel,&nbsp;uma s\u00e9rie de tr\u00eas parcerias com estilistas da&nbsp;nova gera\u00e7\u00e3o. O primeiro estilista a colaborar&nbsp;para o projeto \u00e9 Shane Oliver. A iniciativa&nbsp;foi lan\u00e7ada durante a \u00faltima PFW e o resultado&nbsp;das pe\u00e7as que tem o jeans como dominante&nbsp;foram cal\u00e7as feitas da desconstru\u00e7\u00e3o&nbsp;de jaquetas, botas, camisas, jaquetas e vestidos&nbsp;longos, tudo com estilo oversized, que&nbsp;vem aparecendo bastante pelo streetstyle e&nbsp;desfiles.<\/p>\n<hr \/>\n<h2 style=\"text-align: center;\">&nbsp;TRENDS<\/h2>\n<h4>GATINHO RETR\u00d4<\/h4>\n<p style=\"text-align: center;\">Mais do que proteger&nbsp;os olhos dos raios solares,&nbsp;eles s\u00e3o verdadeiros&nbsp;acess\u00f3rios de moda e&nbsp;muitas vezes o protagonista&nbsp;do look, nessa temporada&nbsp;o \u00f3culos gatinho&nbsp;dominou o streetstyle&nbsp;antes mesmo de sair das&nbsp;passarelas e est\u00e1 com&nbsp;tudo! Os modelos vintages&nbsp;e menores s\u00e3o os&nbsp;mais pedidos e para n\u00e3o&nbsp;errar, se voc\u00ea tem o rosto&nbsp;em um formato arredondado&nbsp;prefira o gatinho com a base mais quadrada,&nbsp;por\u00e9m se o rosto&nbsp;\u00e9 mais quadrado, prefira&nbsp;os de base arredondadas&nbsp;e aposte sem medo!<\/p>\n<p><img loading=\"lazy\" decoding=\"async\" class=\" size-full wp-image-94059\" src=\"http:\/\/diarioregionaljf.com.br\/wp-content\/uploads\/2018\/03\/diario-int-25172-4.jpg\" alt=\"GATINHO RETR\u00d4.jpg\" style=\"display: block; margin-left: auto; margin-right: auto;\" width=\"301\" height=\"450\" srcset=\"https:\/\/diarioregionaldigital.com.br\/wp-content\/uploads\/2018\/03\/diario-int-25172-4.jpg 301w, https:\/\/diarioregionaldigital.com.br\/wp-content\/uploads\/2018\/03\/diario-int-25172-4-201x300.jpg 201w\" sizes=\"auto, (max-width: 301px) 100vw, 301px\" \/><\/p>\n<h4>RED!<\/h4>\n<p style=\"text-align: center;\">Ele dominou as&nbsp;botas, mas n\u00e3o parou&nbsp;por ai! O vermelho&nbsp;\u00e9 aposta certa&nbsp;para a pr\u00f3xima&nbsp;esta\u00e7\u00e3o, maxi casacos,&nbsp;botas, acess\u00f3rios,&nbsp;ele est\u00e1 por&nbsp;toda parte, desde&nbsp;tons mais fechados&nbsp;at\u00e9 o mais aberto.&nbsp;Para come\u00e7ar combine&nbsp;com outras&nbsp;pe\u00e7as mais neutras&nbsp;e deixe o detalhe&nbsp;de cor do look para&nbsp;ele! Na d\u00favida, v\u00e1&nbsp;de vermelho!<\/p>\n<p><img loading=\"lazy\" decoding=\"async\" class=\" size-full wp-image-94060\" src=\"http:\/\/diarioregionaljf.com.br\/wp-content\/uploads\/2018\/03\/diario-int-25172-5.jpg\" alt=\"RED.jpg\" style=\"display: block; margin-left: auto; margin-right: auto;\" width=\"300\" height=\"450\" srcset=\"https:\/\/diarioregionaldigital.com.br\/wp-content\/uploads\/2018\/03\/diario-int-25172-5.jpg 300w, https:\/\/diarioregionaldigital.com.br\/wp-content\/uploads\/2018\/03\/diario-int-25172-5-200x300.jpg 200w\" sizes=\"auto, (max-width: 300px) 100vw, 300px\" \/><\/p>\n<hr \/>\n<h4 style=\"text-align: center;\"><strong>&nbsp;MAKE DE INVERNO<\/strong><\/h4>\n<p style=\"text-align: center;\">O combo pele natural +&nbsp;ponto de luz e\/ou cor \u00e9 a&nbsp;pedida perfeita pra quem&nbsp;quiser uma make atualizada&nbsp;para sair por a\u00ed durante o inverno.&nbsp;As semanas de moda&nbsp;internacionais estavam recheadas&nbsp;dessa combina\u00e7\u00e3o&nbsp;moderninha mas ao mesmo&nbsp;tempo elegante. A ideia \u00e9&nbsp;realmente que sua pele esteja&nbsp;corrigida naturalmente e&nbsp;iluminada na medida. Em seguida&nbsp;escolha alguma parte&nbsp;do seu rosto que voc\u00ea goste&nbsp;mais para destacar com uma&nbsp;cor vibrante, que tamb\u00e9m&nbsp;pode vir metalizada, a boca,&nbsp;os olhos, um delineado, os&nbsp;c\u00edlios. A cor queridinha das fashionistas para o batom \u00e9&nbsp;vermelho. Para as mais ousadas&nbsp;vermelho nos l\u00e1bios e&nbsp;nas p\u00e1lpebras tamb\u00e9m. Para&nbsp;as menos, cores e pigmentos&nbsp;tradicionais do n\u00e9cessaire e&nbsp;pele fresh.<\/p>\n<p><img loading=\"lazy\" decoding=\"async\" class=\" size-full wp-image-94061\" src=\"http:\/\/diarioregionaljf.com.br\/wp-content\/uploads\/2018\/03\/diario-int-25172-6.jpg\" alt=\"MAKE DE INVERNO IMG_1732.jpg\" style=\"display: block; margin-left: auto; margin-right: auto;\" width=\"383\" height=\"450\" srcset=\"https:\/\/diarioregionaldigital.com.br\/wp-content\/uploads\/2018\/03\/diario-int-25172-6.jpg 383w, https:\/\/diarioregionaldigital.com.br\/wp-content\/uploads\/2018\/03\/diario-int-25172-6-255x300.jpg 255w, https:\/\/diarioregionaldigital.com.br\/wp-content\/uploads\/2018\/03\/diario-int-25172-6-360x423.jpg 360w\" sizes=\"auto, (max-width: 383px) 100vw, 383px\" \/><\/p>\n<hr \/>\n<h4 style=\"text-align: center;\">&nbsp;\u00c0 LA GAR\u00c7ONNE<\/h4>\n<p><img loading=\"lazy\" decoding=\"async\" class=\" size-full wp-image-94062\" src=\"http:\/\/diarioregionaljf.com.br\/wp-content\/uploads\/2018\/03\/diario-int-25172-7.jpg\" alt=\"A LA GAR\u00c7ONNE IMG_1733.jpg\" style=\"display: block; margin-left: auto; margin-right: auto;\" width=\"278\" height=\"450\" srcset=\"https:\/\/diarioregionaldigital.com.br\/wp-content\/uploads\/2018\/03\/diario-int-25172-7.jpg 278w, https:\/\/diarioregionaldigital.com.br\/wp-content\/uploads\/2018\/03\/diario-int-25172-7-185x300.jpg 185w\" sizes=\"auto, (max-width: 278px) 100vw, 278px\" \/><\/p>\n<p style=\"text-align: center;\">\u00c0 la Gar\u00e7onne apresentou&nbsp;mais um desfile recheado da&nbsp;pegada street style e underground&nbsp;que j\u00e1 \u00e9 um sucesso.&nbsp;O desfile aconteceu na&nbsp;Biblioteca M\u00e1rio de Andrade,&nbsp;em S\u00e3o Paulo no \u00faltimo&nbsp;domingo (11 de mar\u00e7o), em&nbsp;meio ao sil\u00eancio, muita inspira\u00e7\u00e3o&nbsp;anos 1980 e personagens&nbsp;famosos de filmes&nbsp;como E.T, compunham os&nbsp;looks nos corredores da biblioteca.&nbsp;As parcerias com&nbsp;a marca de lingerie, Hope e&nbsp;com a queridinha, Vans, j\u00e1&nbsp;est\u00e3o enlouquecendo o p\u00fablico. A novidade mais comentada foi a maquiagem natural feita com os produtos org\u00e2nicos da Simple Organic, os lan\u00e7amentos da marca estar\u00e3o dispon\u00edveis para venda em junho. As roupas est\u00e3o dispon\u00edveis no e-commerce, Farfech e na loja, \u00c0 LA GAR\u00c7ONNE.<\/p>\n<hr \/>\n<h4 style=\"text-align: center;\">&nbsp;BE ORGANIC<\/h4>\n<p style=\"text-align: center;\">No universo da beaut\u00e8,&nbsp;n\u00e3o se para de comentar das&nbsp;maquiagens org\u00e2nicas e veganas.&nbsp;Os produtos prometem&nbsp;benef\u00edcios para a pele,&nbsp;mais naturalidade e carregam&nbsp;o discurso da sustentabilidade,&nbsp;o que certamente&nbsp;alavancou seu sucesso. \u00c9&nbsp;interessante pensar que, ao&nbsp;aplicar este tipo de produto,&nbsp;sua pele estar\u00e1 absorvendo&nbsp;apenas componentes naturais,&nbsp;o que ir\u00e1 somar no resultado dos seus cuidados&nbsp;di\u00e1rios. Al\u00e9m disso, os produtos&nbsp;prometem um acabamento&nbsp;incr\u00edvel, que ir\u00e1 agregar&nbsp;na pele do momento, a&nbsp;pele fresh e natural.<\/p>\n<p><img loading=\"lazy\" decoding=\"async\" class=\" size-full wp-image-94063\" src=\"http:\/\/diarioregionaljf.com.br\/wp-content\/uploads\/2018\/03\/diario-int-25172-8.jpg\" alt=\"BE ORGANIC IMG_1734.jpg\" style=\"display: block; margin-left: auto; margin-right: auto;\" width=\"453\" height=\"450\" srcset=\"https:\/\/diarioregionaldigital.com.br\/wp-content\/uploads\/2018\/03\/diario-int-25172-8.jpg 453w, https:\/\/diarioregionaldigital.com.br\/wp-content\/uploads\/2018\/03\/diario-int-25172-8-150x150.jpg 150w, https:\/\/diarioregionaldigital.com.br\/wp-content\/uploads\/2018\/03\/diario-int-25172-8-300x298.jpg 300w, https:\/\/diarioregionaldigital.com.br\/wp-content\/uploads\/2018\/03\/diario-int-25172-8-180x180.jpg 180w, https:\/\/diarioregionaldigital.com.br\/wp-content\/uploads\/2018\/03\/diario-int-25172-8-120x120.jpg 120w, https:\/\/diarioregionaldigital.com.br\/wp-content\/uploads\/2018\/03\/diario-int-25172-8-360x358.jpg 360w, https:\/\/diarioregionaldigital.com.br\/wp-content\/uploads\/2018\/03\/diario-int-25172-8-80x80.jpg 80w\" sizes=\"auto, (max-width: 453px) 100vw, 453px\" \/><\/p>\n<hr \/>\n<h2 style=\"text-align: center;\">&nbsp;RADAR JF<\/h2>\n<h4>CASA DA ESQUINA<\/h4>\n<p style=\"text-align: center;\">No pr\u00f3ximo s\u00e1bado, dia&nbsp;24\/03 \u00e0s 14h, a Casa da Esquina&nbsp;far\u00e1 um lan\u00e7amento&nbsp;especial em parceria com o&nbsp;projeto Vivart. O projeto conta&nbsp;hist\u00f3rias reais em suas camisetas&nbsp;e agora as pe\u00e7as poder\u00e3o ser encontradas e adquiridas&nbsp;na Casa. Uma tarde&nbsp;para comemorar a parceria,&nbsp;com direito a m\u00fasica, moda,&nbsp;causa social e algumas delicias.&nbsp;A Casa da Esquina fica&nbsp;na Rua Carlos Chagas, n\u00ba 8.<\/p>\n<p><img loading=\"lazy\" decoding=\"async\" class=\" size-full wp-image-94064\" src=\"http:\/\/diarioregionaljf.com.br\/wp-content\/uploads\/2018\/03\/diario-int-25172-9.png\" alt=\"VIVART E CASA DA ESQUINA.png\" style=\"display: block; margin-left: auto; margin-right: auto;\" width=\"478\" height=\"450\" srcset=\"https:\/\/diarioregionaldigital.com.br\/wp-content\/uploads\/2018\/03\/diario-int-25172-9.png 478w, https:\/\/diarioregionaldigital.com.br\/wp-content\/uploads\/2018\/03\/diario-int-25172-9-300x282.png 300w, https:\/\/diarioregionaldigital.com.br\/wp-content\/uploads\/2018\/03\/diario-int-25172-9-360x339.png 360w\" sizes=\"auto, (max-width: 478px) 100vw, 478px\" \/><\/p>\n<h4>FIT DAY<\/h4>\n<p style=\"text-align: center;\">Na pr\u00f3xima ter\u00e7a-feira, dia&nbsp;20, a Cl\u00ednica Maria Clara&nbsp;Martins ir\u00e1 proporcionar um&nbsp;dia de moda, beleza e sa\u00fade.&nbsp;Bate papo sobre moda,&nbsp;estilo e tend\u00eancias comigo,&nbsp;e sobre cirurgia pl\u00e1stica com&nbsp;a Doutora Alessandra Brun.&nbsp;Tamb\u00e9m na tarde, Trunk&nbsp;Show com os looks da Le&nbsp;Petit Woman.<\/p>\n<h4>GIVENCHY<\/h4>\n<p style=\"text-align: center;\">No s\u00e1bado dia 10 de mar\u00e7o&nbsp;de 2018, perdemos um dos&nbsp;mais importantes \u00edcones da&nbsp;moda, Hubert de Givenchy,&nbsp;aos 81 anos. E nossa coluna&nbsp;n\u00e3o poderia deixar de homenagear&nbsp;o estilista, relembrando&nbsp;seu legado \u00e0 frente da&nbsp;Maison Givenchy entre 1952&nbsp;e 1927, e sua rela\u00e7\u00e3o un\u00edssona&nbsp;com a grande atriz belga,&nbsp;Audrey Hepburn.&nbsp;Imposs\u00edvel pensar no franc\u00eas&nbsp;sem relacion\u00e1-lo com&nbsp;Hepburn. A dupla ditou moda&nbsp;e lan\u00e7ou tend\u00eancias cl\u00e1ssicas&nbsp;e atemporais para os&nbsp;nossos guarda-roupas. O&nbsp;g\u00eanio criava looks elegantes&nbsp;e sua musa os vestia. Foram&nbsp;uma dupla perfeita. Como se&nbsp;Audrey tivesse nascido para&nbsp;imortalizar nas cenas de&nbsp;seus longas o nosso amado&nbsp;pretinho nada b\u00e1sico.<\/p>\n<p><img loading=\"lazy\" decoding=\"async\" class=\" size-full wp-image-94065\" src=\"http:\/\/diarioregionaljf.com.br\/wp-content\/uploads\/2018\/03\/diario-int-25172-10.jpg\" alt=\"GIVENCHY.jpg\" style=\"display: block; margin-left: auto; margin-right: auto;\" width=\"680\" height=\"381\" srcset=\"https:\/\/diarioregionaldigital.com.br\/wp-content\/uploads\/2018\/03\/diario-int-25172-10.jpg 680w, https:\/\/diarioregionaldigital.com.br\/wp-content\/uploads\/2018\/03\/diario-int-25172-10-300x168.jpg 300w, https:\/\/diarioregionaldigital.com.br\/wp-content\/uploads\/2018\/03\/diario-int-25172-10-360x202.jpg 360w\" sizes=\"auto, (max-width: 680px) 100vw, 680px\" \/><\/p>\n<h4>MOHDA A 2<\/h4>\n<p style=\"text-align: center;\">As inscri\u00e7\u00f5es para os&nbsp;M\u00f3dulos II e III do Instituto&nbsp;Mohda A 2 j\u00e1 est\u00e3o abertas! \u00d3tima oportunidade para&nbsp;estudar moda, realizar networking&nbsp;e abrir os horizontes!&nbsp;As aulas come\u00e7am em&nbsp;abril, no audit\u00f3rio do CDL.&nbsp;Informa\u00e7\u00f5es no Instagram&nbsp;@apcalixto e @alinefirjam.&nbsp;Imperd\u00edvel!<\/p>\n<hr \/>\n<h4 style=\"text-align: center;\">&nbsp;CLICK IN MODA<\/h4>\n<p style=\"text-align: center;\"><img loading=\"lazy\" decoding=\"async\" class=\" size-full wp-image-94066\" src=\"http:\/\/diarioregionaljf.com.br\/wp-content\/uploads\/2018\/03\/diario-int-25172-11.jpg\" alt=\"CLICK IN MODA.jpg\" style=\"display: block; margin-left: auto; margin-right: auto;\" width=\"300\" height=\"450\" srcset=\"https:\/\/diarioregionaldigital.com.br\/wp-content\/uploads\/2018\/03\/diario-int-25172-11.jpg 300w, https:\/\/diarioregionaldigital.com.br\/wp-content\/uploads\/2018\/03\/diario-int-25172-11-200x300.jpg 200w\" sizes=\"auto, (max-width: 300px) 100vw, 300px\" \/>O click de Jo\u00e3o Paulo Brum para a bel\u00edssima modelo&nbsp;da Patr\u00edcia Alvim Agency, Let\u00edcia Renault. Look&nbsp;Hill Store, acess\u00f3rios ByCandy. Beleza, Rayane Vilela.&nbsp;Produ\u00e7\u00e3o de Diley Almeida.<\/p>\n<p>&nbsp;<\/p>\n<p>&nbsp;<\/p>\n<p><strong>Colaboradoras: MARIANA MATOS E MARIA EDUARDA VER\u00cdSSIMO<\/strong><\/p>\n","protected":false},"excerpt":{"rendered":"<p>BILLABONG LAB X IGGY POP LACOSTE A BillabongLab &#8211; uma divis\u00e3o da marca que&nbsp;apoia artistas, m\u00fasicos, designers, fot\u00f3grafos e&nbsp;\u00edcones do surf \u2013 acaba de lan\u00e7ar uma colab com&nbsp;o \u00edcone do punk Iggy Pop. A cole\u00e7\u00e3o composta&nbsp;com camisas, bermudas e bon\u00e9s \u00e9 inspirada no&nbsp;punk do final dos anos 1980 e 90, quando Pop&nbsp;era presen\u00e7a constante na [&hellip;]<\/p>\n","protected":false},"author":96,"featured_media":94055,"comment_status":"closed","ping_status":"closed","sticky":false,"template":"","format":"standard","meta":{"footnotes":""},"categories":[285],"tags":[],"class_list":["post-94067","post","type-post","status-publish","format-standard","has-post-thumbnail","hentry","category-moda-ana-paula-calixto"],"_links":{"self":[{"href":"https:\/\/diarioregionaldigital.com.br\/index.php?rest_route=\/wp\/v2\/posts\/94067","targetHints":{"allow":["GET"]}}],"collection":[{"href":"https:\/\/diarioregionaldigital.com.br\/index.php?rest_route=\/wp\/v2\/posts"}],"about":[{"href":"https:\/\/diarioregionaldigital.com.br\/index.php?rest_route=\/wp\/v2\/types\/post"}],"author":[{"embeddable":true,"href":"https:\/\/diarioregionaldigital.com.br\/index.php?rest_route=\/wp\/v2\/users\/96"}],"replies":[{"embeddable":true,"href":"https:\/\/diarioregionaldigital.com.br\/index.php?rest_route=%2Fwp%2Fv2%2Fcomments&post=94067"}],"version-history":[{"count":0,"href":"https:\/\/diarioregionaldigital.com.br\/index.php?rest_route=\/wp\/v2\/posts\/94067\/revisions"}],"wp:featuredmedia":[{"embeddable":true,"href":"https:\/\/diarioregionaldigital.com.br\/index.php?rest_route=\/wp\/v2\/media\/94055"}],"wp:attachment":[{"href":"https:\/\/diarioregionaldigital.com.br\/index.php?rest_route=%2Fwp%2Fv2%2Fmedia&parent=94067"}],"wp:term":[{"taxonomy":"category","embeddable":true,"href":"https:\/\/diarioregionaldigital.com.br\/index.php?rest_route=%2Fwp%2Fv2%2Fcategories&post=94067"},{"taxonomy":"post_tag","embeddable":true,"href":"https:\/\/diarioregionaldigital.com.br\/index.php?rest_route=%2Fwp%2Fv2%2Ftags&post=94067"}],"curies":[{"name":"wp","href":"https:\/\/api.w.org\/{rel}","templated":true}]}}