{"id":94052,"date":"2018-03-16T21:50:04","date_gmt":"2018-03-17T00:50:04","guid":{"rendered":"http:\/\/diarioregionaljf.com.br\/2018\/03\/16\/catorze-passos-da-via-sacra-superando-a-violencia-2\/"},"modified":"2018-04-16T08:05:40","modified_gmt":"2018-04-16T11:05:40","slug":"catorze-passos-da-via-sacra-superando-a-violencia-2","status":"publish","type":"post","link":"https:\/\/diarioregionaldigital.com.br\/?p=94052","title":{"rendered":"Catorze passos da via sacra superando a viol\u00eancia"},"content":{"rendered":"<p>Prosseguindo nosso artigo da semana passada, ofere\u00e7o aqui a continua\u00e7\u00e3o de nossa reflex\u00e3o sobre os passos de Cristo na via crucis da viol\u00eancia. Estamos na Campanha da Fraternidade, cujo tema \u00e9 \u201cFraternidade e supera\u00e7\u00e3o da Viol\u00eancia\u201d e o lema, \u201d V\u00f3s Sois Todos Irm\u00e3os \u201c (Mt 23, 8).<\/p>\n<p><strong>8\u00aa. Esta\u00e7\u00e3o:<\/strong> Jesus consola as filhas de Jerusal\u00e9m. \u201cN\u00e3o choreis sobre mim. Chorai sobre v\u00f3s mesmos e sobre vossos filhos\u201d. N\u00e3o h\u00e1 como n\u00e3o recordar, nesta esta\u00e7\u00e3o, da viol\u00eancia do aborto. Quantos abortos clandestinos ou n\u00e3o acontecem todos os dias em nosso pa\u00eds! A desculpa da clandestinidade n\u00e3o pode ser argumento para a legaliza\u00e7\u00e3o do assassinato de crian\u00e7as indefesas ainda no ventre de suas m\u00e3es. Seria perigoso usar deste crit\u00e9rio simplista e cruel, pois poderia justificar a pr\u00e1tica de outros crimes nas caladas da noite, no oculto das estrat\u00e9gias, no anonimato das espertezas, na inefic\u00e1cia da lei. As l\u00e1grimas das m\u00e3es que perdem seus filhos, n\u00e3o podem ser secadas pelo incompreens\u00edvel lobby abortista. A vida \u00e9 sagrada. A voca\u00e7\u00e3o da mulher para a maternidade n\u00e3o \u00e9 uma simples e fria a\u00e7\u00e3o reprodutora.<\/p>\n<p><strong>9\u00aa. Esta\u00e7\u00e3o:<\/strong> Jesus cai pela terceira vez. Mais uma queda! Quase d\u00e1 para desistir. Quantas vezes se cai na viol\u00eancia das palavras, por descontrole, ou na viol\u00eancia da pr\u00f3pria consci\u00eancia por for\u00e7a do h\u00e1bito ou outros motivos psicol\u00f3gicos ou situa\u00e7\u00f5es quase inexplic\u00e1veis. A repeti\u00e7\u00e3o das quedas \u00e9 terr\u00edvel. Mesmo quando n\u00e3o se quer cair, quando se pensa que n\u00e3o mais cair\u00e1, quando se tomou todas as precau\u00e7\u00f5es para n\u00e3o tombar, mesmo quando se buscou os meios naturais e sobrenaturais para se evitar a queda, ela, \u00e0s vezes acontece. Quanta dor! Quanto sofrimento! Cristo com o rosto ensanguentado, com o ombro j\u00e1 ferido pelo peso da cruz, com os olhos ensopados de suor, sangue e l\u00e1grimas, olha, contudo, meigamente, para o alto. N\u00e3o perdeu a esperan\u00e7a. No caminho da supera\u00e7\u00e3o da viol\u00eancia, \u00e9 preciso ser forte e deixar-se robustecer pela confian\u00e7a no Pai, pois \u00e9 miseric\u00f3rdia. S\u00e3o Paulo ensinou aos Cor\u00edntios: \u201c Pois em Cristo, Deus estava reconciliando o mundo consigo, n\u00e3o levando em conta as faltas das pessoas e pondo em n\u00f3s a palavra da reconcilia\u00e7\u00e3o. Somos embaixadores de Cristo e \u00e9 como se Deus exortasse por meio de n\u00f3s. Em nome de Cristo, pedimos: reconciliai-vos com Deus\u201d (2 Cor 5, 19-21). Levantemo-nos do ch\u00e3o da viol\u00eancia, recome\u00e7ando, humildemente, o caminho da paz com Deus, com o pr\u00f3ximo e conosco mesmo, sem nunca desistir.<\/p>\n<p><strong>10\u00aa Esta\u00e7\u00e3o:<\/strong> Jesus \u00e9 despojado de suas vestes. A viol\u00eancia que provoca vergonha, acanhamento e humilha\u00e7\u00e3o \u00e9 t\u00e3o cruel ou pior que a f\u00edsica. \u00c9 mart\u00edrio moral. Deixar nua uma pessoa diante de sua m\u00e3e, de seus parentes, de seus amigos, e de desconhecidos \u00e9 violentar de forma terr\u00edvel a dignidade dos seres humanos e desprez\u00e1-los como lixo. As cal\u00fanias, as difama\u00e7\u00f5es, as inj\u00farias praticadas \u00e0s escondidas, atrav\u00e9s de cartas an\u00f4nimas, atrav\u00e9s de fake News e outros meios s\u00f3rdidos s\u00e3o formas de matar pessoas.<\/p>\n<p><strong>11\u00aa Esta\u00e7\u00e3o:<\/strong> Jesus \u00e9 pregado na cruz. Quantas pessoas s\u00e3o pregadas violentamente nas cruzes de hoje em dia! Recordemo-nos dos corredores dos hospitais cheios de macas, camas e cadeiras como se fossem enfermarias. A falta de medicamentos, de assist\u00eancia m\u00e9dica, de socorros, de pol\u00edticas p\u00fablicas para gente que paga impostos e est\u00e3o sujeitas a morrer sem a assist\u00eancia necess\u00e1ria! Recordemo-nos dos que est\u00e3o pregados na cruz pela viol\u00eancia das fac\u00e7\u00f5es criminosas, pessoas executadas com requinte de crueldade inadmiss\u00edvel como o chamado \u201cmicro-ondas\u201d das favelas do Rio, S\u00e3o Paulo e outros lugares, que consiste em ajuntar pneus como um t\u00fanel, prendendo rivais dentro e ateando fogo. Pensemos em tantas cruzes ocultas no tr\u00e1fego de drogas que causam morte f\u00edsica e moral de tantos seres humanos e destroem fam\u00edlias inteiras.<\/p>\n<p style=\"text-align: center;\"><strong>Continuaremos a rezar na semana que vem.<\/strong><\/p>\n","protected":false},"excerpt":{"rendered":"<p>Prosseguindo nosso artigo da semana passada, ofere\u00e7o aqui a continua\u00e7\u00e3o de nossa reflex\u00e3o sobre os passos de Cristo na via crucis da viol\u00eancia. Estamos na Campanha da Fraternidade, cujo tema \u00e9 \u201cFraternidade e supera\u00e7\u00e3o da Viol\u00eancia\u201d e o lema, \u201d V\u00f3s Sois Todos Irm\u00e3os \u201c (Mt 23, 8). 8\u00aa. Esta\u00e7\u00e3o: Jesus consola as filhas de [&hellip;]<\/p>\n","protected":false},"author":96,"featured_media":94051,"comment_status":"closed","ping_status":"closed","sticky":false,"template":"","format":"standard","meta":{"footnotes":""},"categories":[276],"tags":[],"class_list":["post-94052","post","type-post","status-publish","format-standard","has-post-thumbnail","hentry","category-dom-gil"],"_links":{"self":[{"href":"https:\/\/diarioregionaldigital.com.br\/index.php?rest_route=\/wp\/v2\/posts\/94052","targetHints":{"allow":["GET"]}}],"collection":[{"href":"https:\/\/diarioregionaldigital.com.br\/index.php?rest_route=\/wp\/v2\/posts"}],"about":[{"href":"https:\/\/diarioregionaldigital.com.br\/index.php?rest_route=\/wp\/v2\/types\/post"}],"author":[{"embeddable":true,"href":"https:\/\/diarioregionaldigital.com.br\/index.php?rest_route=\/wp\/v2\/users\/96"}],"replies":[{"embeddable":true,"href":"https:\/\/diarioregionaldigital.com.br\/index.php?rest_route=%2Fwp%2Fv2%2Fcomments&post=94052"}],"version-history":[{"count":0,"href":"https:\/\/diarioregionaldigital.com.br\/index.php?rest_route=\/wp\/v2\/posts\/94052\/revisions"}],"wp:featuredmedia":[{"embeddable":true,"href":"https:\/\/diarioregionaldigital.com.br\/index.php?rest_route=\/wp\/v2\/media\/94051"}],"wp:attachment":[{"href":"https:\/\/diarioregionaldigital.com.br\/index.php?rest_route=%2Fwp%2Fv2%2Fmedia&parent=94052"}],"wp:term":[{"taxonomy":"category","embeddable":true,"href":"https:\/\/diarioregionaldigital.com.br\/index.php?rest_route=%2Fwp%2Fv2%2Fcategories&post=94052"},{"taxonomy":"post_tag","embeddable":true,"href":"https:\/\/diarioregionaldigital.com.br\/index.php?rest_route=%2Fwp%2Fv2%2Ftags&post=94052"}],"curies":[{"name":"wp","href":"https:\/\/api.w.org\/{rel}","templated":true}]}}