{"id":94044,"date":"2018-03-16T21:26:31","date_gmt":"2018-03-17T00:26:31","guid":{"rendered":"http:\/\/diarioregionaljf.com.br\/2018\/03\/16\/no-serrado-2\/"},"modified":"2018-03-16T21:26:31","modified_gmt":"2018-03-17T00:26:31","slug":"no-serrado-2","status":"publish","type":"post","link":"https:\/\/diarioregionaldigital.com.br\/?p=94044","title":{"rendered":"No Serrado"},"content":{"rendered":"<p>Com relevantes servi\u00e7os&nbsp;prestados \u00e0 educa\u00e7\u00e3o, o&nbsp;professor doutor da UFJF e secret\u00e1rio Nacional de Ensino&nbsp;Superior, Paulo Barone,&nbsp;foi condecorado em Bras\u00edlia&nbsp;com a \u201cOrdem Nacional do&nbsp;M\u00e9rito\u201d, conferido pelo Minist\u00e9rio&nbsp;da Educa\u00e7\u00e3o.<\/p>\n<hr \/>\n<h4>L\u00c1 LONGE<\/h4>\n<p>O neurorradiologista Leonardo&nbsp;Macedo, da Cedimagem&nbsp;e do Monte Sinai, est\u00e1 sob o c\u00e9u de Taiwan. De 19&nbsp;a 23, ele participa com sete&nbsp;brasileiros do 21\u00ba Congresso&nbsp;Mundial abordando doen\u00e7as&nbsp;inflamat\u00f3rias.<\/p>\n<hr \/>\n<h4>EXPOSI\u00c7\u00c3O DE PINTURAS<\/h4>\n<p>Usando como slogan Pintar&nbsp;para Imortalizar, um grupo&nbsp;carioca com L. Lazzarrotti&nbsp;Ogg e artistas do Baluarte&nbsp;fazem exposi\u00e7\u00e3o no dia 7 de&nbsp;abril, de 16 \u00e0s 20h, no Espa\u00e7o&nbsp;Cultural Correios, em Juiz de Fora. Em cena, Badia,&nbsp;Esther Borborema, Marilena&nbsp;Mota, Matilde Toledo, Monica&nbsp;Pougy, Nequitz, Nieves Dace,&nbsp;Nina Ikemura, Rachel Vieira,&nbsp;Thereza Toscano e Yara Perdi.&nbsp;Curadoria de Vagner Aniceto.<\/p>\n<hr \/>\n<h4>N\u00cdVER ESTRELADO<\/h4>\n<p>Toninho Cunha j\u00e1 noticia a&nbsp;festa Cabar\u00e9 para festejar&nbsp;idade nova. O rega-bofe ser\u00e1&nbsp;dia 12 de maio, \u00e0s 15h, com samba, sertanejo e DJ. Haver\u00e1&nbsp;comida de boteco e bebidas&nbsp;a parte. O bat-local ser\u00e1&nbsp;no Parque da Lajinha, atr\u00e1s&nbsp;do posto. Em cena, lindas&nbsp;dan\u00e7arinas e convidados.<\/p>\n<hr \/>\n<h4>SUCESSO TOTAL<\/h4>\n<p>Causou impacto na Faculdade&nbsp;de Letras da UFJF a palestra&nbsp;tem\u00e1tica sobre sexo e&nbsp;religi\u00e3o na Roma antiga. Para tanto, foram convidados os&nbsp;professores Rebecca Langlands,&nbsp;da Universidade de&nbsp;Exeter (Reino Unido) e Martin&nbsp;Tobias Diner, da King\u2019s&nbsp;College, de Londres.<\/p>\n<hr \/>\n<h4>DICA<\/h4>\n<p>Ser\u00e1 no domingo, 18, o super&nbsp;festival de Sorvete, no Acad\u00eamicos do Bairu. Por&nbsp;apenas R$ 13, o povo pode&nbsp;comer a vontade e ainda ajudar&nbsp;a Casa S\u00e3o Francisco de&nbsp;Assis. Come\u00e7a \u00e0s 14h30.<\/p>\n<hr \/>\n<p>&nbsp;<\/p>\n<p style=\"text-align: center;\"><img loading=\"lazy\" decoding=\"async\" class=\" size-full wp-image-94034\" src=\"http:\/\/diarioregionaljf.com.br\/wp-content\/uploads\/2018\/03\/diario-int-25166-1.jpg\" alt=\"fotob.jpg\" style=\"display: block; margin-left: auto; margin-right: auto;\" width=\"300\" height=\"450\" srcset=\"https:\/\/diarioregionaldigital.com.br\/wp-content\/uploads\/2018\/03\/diario-int-25166-1.jpg 300w, https:\/\/diarioregionaldigital.com.br\/wp-content\/uploads\/2018\/03\/diario-int-25166-1-200x300.jpg 200w\" sizes=\"auto, (max-width: 300px) 100vw, 300px\" \/>Forte candidata ao Miss&nbsp;Juiz de Fora 2018, a&nbsp;bel\u00edssima Larissa Bruna,&nbsp;em foto de Johnny Pio<\/p>\n<p>&nbsp;<\/p>\n<p style=\"text-align: center;\"><img loading=\"lazy\" decoding=\"async\" class=\" size-full wp-image-94035\" src=\"http:\/\/diarioregionaljf.com.br\/wp-content\/uploads\/2018\/03\/diario-int-25166-2.jpg\" alt=\"fotoc.jpg\" style=\"display: block; margin-left: auto; margin-right: auto;\" width=\"524\" height=\"450\" srcset=\"https:\/\/diarioregionaldigital.com.br\/wp-content\/uploads\/2018\/03\/diario-int-25166-2.jpg 524w, https:\/\/diarioregionaldigital.com.br\/wp-content\/uploads\/2018\/03\/diario-int-25166-2-300x258.jpg 300w, https:\/\/diarioregionaldigital.com.br\/wp-content\/uploads\/2018\/03\/diario-int-25166-2-360x309.jpg 360w\" sizes=\"auto, (max-width: 524px) 100vw, 524px\" \/>Na movimentada festa filantr\u00f3pica com&nbsp;renda para a Sopa dos Pobres, na sede&nbsp;social do Tupi, o jornalista Petterson&nbsp;Marciano com Aninha Sanches<\/p>\n<p>&nbsp;<\/p>\n<p style=\"text-align: center;\"><img loading=\"lazy\" decoding=\"async\" class=\" size-full wp-image-94036\" src=\"http:\/\/diarioregionaljf.com.br\/wp-content\/uploads\/2018\/03\/diario-int-25166-3.jpg\" alt=\"fotod.jpg\" style=\"display: block; margin-left: auto; margin-right: auto;\" width=\"550\" height=\"413\" srcset=\"https:\/\/diarioregionaldigital.com.br\/wp-content\/uploads\/2018\/03\/diario-int-25166-3.jpg 550w, https:\/\/diarioregionaldigital.com.br\/wp-content\/uploads\/2018\/03\/diario-int-25166-3-300x225.jpg 300w, https:\/\/diarioregionaldigital.com.br\/wp-content\/uploads\/2018\/03\/diario-int-25166-3-360x270.jpg 360w\" sizes=\"auto, (max-width: 550px) 100vw, 550px\" \/>Os irm\u00e3os Dias, Nelson, Arthur e \u00c1lvaro,&nbsp;com o compositor e cantor Emmerson&nbsp;Nogueira, em recente grava\u00e7\u00e3o de CD<\/p>\n<p>&nbsp;<\/p>\n<p style=\"text-align: center;\"><img loading=\"lazy\" decoding=\"async\" class=\" size-full wp-image-94037\" src=\"http:\/\/diarioregionaljf.com.br\/wp-content\/uploads\/2018\/03\/diario-int-25166-4.jpg\" alt=\"fotof.jpg\" style=\"display: block; margin-left: auto; margin-right: auto;\" width=\"680\" height=\"390\" srcset=\"https:\/\/diarioregionaldigital.com.br\/wp-content\/uploads\/2018\/03\/diario-int-25166-4.jpg 680w, https:\/\/diarioregionaldigital.com.br\/wp-content\/uploads\/2018\/03\/diario-int-25166-4-300x172.jpg 300w, https:\/\/diarioregionaldigital.com.br\/wp-content\/uploads\/2018\/03\/diario-int-25166-4-360x206.jpg 360w\" sizes=\"auto, (max-width: 680px) 100vw, 680px\" \/>No fino almo\u00e7o do Masterchef Pablo Oazen, na Churrasqueira, as&nbsp;locomotivas, Ana Paula Ribeiro, Ana L\u00facia Signorelli, Patr\u00edcia Touma e&nbsp;Fernanda Brasileiro<\/p>\n<p>&nbsp;<\/p>\n<p style=\"text-align: center;\"><img loading=\"lazy\" decoding=\"async\" class=\" size-full wp-image-94038\" src=\"http:\/\/diarioregionaljf.com.br\/wp-content\/uploads\/2018\/03\/diario-int-25166-5.jpg\" alt=\"fotog.jpg\" style=\"display: block; margin-left: auto; margin-right: auto;\" width=\"450\" height=\"450\" srcset=\"https:\/\/diarioregionaldigital.com.br\/wp-content\/uploads\/2018\/03\/diario-int-25166-5.jpg 450w, https:\/\/diarioregionaldigital.com.br\/wp-content\/uploads\/2018\/03\/diario-int-25166-5-150x150.jpg 150w, https:\/\/diarioregionaldigital.com.br\/wp-content\/uploads\/2018\/03\/diario-int-25166-5-300x300.jpg 300w, https:\/\/diarioregionaldigital.com.br\/wp-content\/uploads\/2018\/03\/diario-int-25166-5-180x180.jpg 180w, https:\/\/diarioregionaldigital.com.br\/wp-content\/uploads\/2018\/03\/diario-int-25166-5-120x120.jpg 120w, https:\/\/diarioregionaldigital.com.br\/wp-content\/uploads\/2018\/03\/diario-int-25166-5-360x360.jpg 360w, https:\/\/diarioregionaldigital.com.br\/wp-content\/uploads\/2018\/03\/diario-int-25166-5-80x80.jpg 80w\" sizes=\"auto, (max-width: 450px) 100vw, 450px\" \/>Homenageadas com Men\u00e7\u00e3o Honrosa&nbsp;pelo TV Mulher na C\u00e2mara Municipal, as&nbsp;elegantes Alcione Marocolo e Cris Hubner<\/p>\n<p>&nbsp;<\/p>\n<p style=\"text-align: center;\"><img loading=\"lazy\" decoding=\"async\" class=\" size-full wp-image-94039\" src=\"http:\/\/diarioregionaljf.com.br\/wp-content\/uploads\/2018\/03\/diario-int-25166-6.jpg\" alt=\"fotoh.jpg\" style=\"display: block; margin-left: auto; margin-right: auto;\" width=\"283\" height=\"450\" srcset=\"https:\/\/diarioregionaldigital.com.br\/wp-content\/uploads\/2018\/03\/diario-int-25166-6.jpg 283w, https:\/\/diarioregionaldigital.com.br\/wp-content\/uploads\/2018\/03\/diario-int-25166-6-189x300.jpg 189w\" sizes=\"auto, (max-width: 283px) 100vw, 283px\" \/>Comemorando o sucesso&nbsp;dos 24 anos da F\u00f3rum, o&nbsp;campe\u00e3o das academias,&nbsp;Marcelo Brigatto<\/p>\n<p>&nbsp;<\/p>\n<p style=\"text-align: center;\"><img loading=\"lazy\" decoding=\"async\" class=\" size-full wp-image-94040\" src=\"http:\/\/diarioregionaljf.com.br\/wp-content\/uploads\/2018\/03\/diario-int-25166-7.jpg\" alt=\"fotoi.jpg\" style=\"display: block; margin-left: auto; margin-right: auto;\" width=\"305\" height=\"450\" srcset=\"https:\/\/diarioregionaldigital.com.br\/wp-content\/uploads\/2018\/03\/diario-int-25166-7.jpg 305w, https:\/\/diarioregionaldigital.com.br\/wp-content\/uploads\/2018\/03\/diario-int-25166-7-203x300.jpg 203w\" sizes=\"auto, (max-width: 305px) 100vw, 305px\" \/>Desestabilizando tiro no Rocket&nbsp;Pub, o fot\u00f3grafo Felipe Bolpato<\/p>\n<p>&nbsp;<\/p>\n<p style=\"text-align: center;\"><img loading=\"lazy\" decoding=\"async\" class=\" size-full wp-image-94041\" src=\"http:\/\/diarioregionaljf.com.br\/wp-content\/uploads\/2018\/03\/diario-int-25166-8.jpg\" alt=\"fotoj.jpg\" style=\"display: block; margin-left: auto; margin-right: auto;\" width=\"531\" height=\"450\" srcset=\"https:\/\/diarioregionaldigital.com.br\/wp-content\/uploads\/2018\/03\/diario-int-25166-8.jpg 531w, https:\/\/diarioregionaldigital.com.br\/wp-content\/uploads\/2018\/03\/diario-int-25166-8-300x254.jpg 300w, https:\/\/diarioregionaldigital.com.br\/wp-content\/uploads\/2018\/03\/diario-int-25166-8-360x305.jpg 360w\" sizes=\"auto, (max-width: 531px) 100vw, 531px\" \/>A classe e o refinamento de fam\u00edlia&nbsp;tradicional de Juiz de Fora com&nbsp;Leonardo Duarte Netto, Delba&nbsp;Duarte Netto, Patr\u00edcia Duarte Netto&nbsp;Miana e Erika Duarte Netto Miana<\/p>\n<p>&nbsp;<\/p>\n<p style=\"text-align: center;\"><img loading=\"lazy\" decoding=\"async\" class=\" size-full wp-image-94042\" src=\"http:\/\/diarioregionaljf.com.br\/wp-content\/uploads\/2018\/03\/diario-int-25166-9.jpg\" alt=\"Neuza Marsicano.jpg\" style=\"display: block; margin-left: auto; margin-right: auto;\" width=\"600\" height=\"450\" srcset=\"https:\/\/diarioregionaldigital.com.br\/wp-content\/uploads\/2018\/03\/diario-int-25166-9.jpg 600w, https:\/\/diarioregionaldigital.com.br\/wp-content\/uploads\/2018\/03\/diario-int-25166-9-300x225.jpg 300w, https:\/\/diarioregionaldigital.com.br\/wp-content\/uploads\/2018\/03\/diario-int-25166-9-360x270.jpg 360w\" sizes=\"auto, (max-width: 600px) 100vw, 600px\" \/>Na Casa D\u2019It\u00e1lia em sua exposi\u00e7\u00e3o de fotografias&nbsp;\u201cPassione\u201d, Danilo Moscon ladeado de Neuza&nbsp;Marsicano e Isa e M\u00e1rcia Batista de Oliveira<\/p>\n<p>&nbsp;<\/p>\n<p style=\"text-align: center;\"><img loading=\"lazy\" decoding=\"async\" class=\" size-full wp-image-94043\" src=\"http:\/\/diarioregionaljf.com.br\/wp-content\/uploads\/2018\/03\/diario-int-25166-10.jpg\" alt=\"Richard Ara\u00fajo.jpg\" style=\"display: block; margin-left: auto; margin-right: auto;\" width=\"373\" height=\"450\" srcset=\"https:\/\/diarioregionaldigital.com.br\/wp-content\/uploads\/2018\/03\/diario-int-25166-10.jpg 373w, https:\/\/diarioregionaldigital.com.br\/wp-content\/uploads\/2018\/03\/diario-int-25166-10-249x300.jpg 249w, https:\/\/diarioregionaldigital.com.br\/wp-content\/uploads\/2018\/03\/diario-int-25166-10-360x434.jpg 360w\" sizes=\"auto, (max-width: 373px) 100vw, 373px\" \/>O modelo de Cataguases&nbsp;Richard Ara\u00fajo em cena&nbsp;moda outono<\/p>\n<hr \/>\n<h4 style=\"text-align: center;\">FOTOSS\u00cdNTESE<\/h4>\n<p>\u2022 Usando como refer\u00eancia&nbsp;compet\u00eancia e qualidade, Veridiana&nbsp;Martins vem ganhando&nbsp;espa\u00e7o em Juiz de Fora&nbsp;com seu buffet A Festa \u00e9 Sua.&nbsp;O principal diferencial do Buffet&nbsp;\u00e9 a forma de servir sempre&nbsp;com fartura. Para solicitar or\u00e7amento,&nbsp;o fone: 98841-7831.<\/p>\n<p>\u2022 A artista pl\u00e1stica Heloisa&nbsp;Curzio est\u00e1 dividindo seu&nbsp;tempo entre Juiz de Fora e&nbsp;Belo Horizonte. Na capital mineira ela ministra cursos&nbsp;no Instituto de Pesquisas e&nbsp;Projetos Empreendedores&nbsp;(IPPE), com sua irm\u00e3 Heliane&nbsp;Gomes de Azevedo.<\/p>\n<p>\u2022 Bonita e de bem com a vida,&nbsp;a nutricionista J\u00e9ssica Viana&nbsp;Hinkelmann, mestranda em&nbsp;Ci\u00eancia da Nutri\u00e7\u00e3o, se destaca<br \/>indicando a ingest\u00e3o&nbsp;com alimentos da esta\u00e7\u00e3o.&nbsp;Segundo ela, a banana fonte&nbsp;de vitamina B6, alivia sintomas&nbsp;da TPM e depress\u00e3o.<\/p>\n<p>\u2022 O Espa\u00e7o O Andar De Baixo,&nbsp;apresenta no domingo,&nbsp;18, \u00e0s 20h30, a pe\u00e7a Essa&nbsp;Estranha Sensa\u00e7\u00e3o de Fam\u00edlia.&nbsp;O texto e dire\u00e7\u00e3o \u00e9 de&nbsp;Diego Liberano.<\/p>\n<p>\u2022 Centro preferido de jovens&nbsp;antenados o Bar Maquinaria&nbsp;apresenta o Show de Rock&nbsp;Calango do Engenho e Pathos.&nbsp;\u00c0s 21h deste domingo.<\/p>\n<p>\u2022 No dia 24 de mar\u00e7o, os holofotes&nbsp;estar\u00e3o todos concentrados&nbsp;para o show do&nbsp;Grupo Ra\u00e7a Negra. Ser\u00e1 no&nbsp;Capit\u00f3lio.<\/p>\n<p>\u2022 Ser\u00e1 entre os dias 21 a 23&nbsp;de setembro, a terceira edi\u00e7\u00e3o&nbsp;do Festival Gastron\u00f4mico&nbsp;Sabores da Serra. O&nbsp;tema ser\u00e1 \u201cBrasilidade entre&nbsp;Serras\u201d, com destaque para&nbsp;a carne de porco, o milho e&nbsp;a cacha\u00e7a.<\/p>\n<p>\u2022 Com muita compet\u00eancia e&nbsp;seriedade, Jeanne Beliz\u00e1rio&nbsp;de Oliveira j\u00e1 atua como presidente&nbsp;do Conselho Municipal&nbsp;dos Direitos da Crian\u00e7a e&nbsp;do Adolescente.<\/p>\n<p>\u2022 Sempre vibrando com novidades,&nbsp;Marcos Grij\u00f3 lan\u00e7ou&nbsp;no Caf\u00e9 da Mata, a New&nbsp;Open Bar \u2013 empresa de drinques&nbsp;especiais.<\/p>\n<p>\u2022 Para n\u00e3o entender: O rato roeu a roupa do rei! Bom dia.<\/p>\n<p>&nbsp;<\/p>\n<p>&nbsp;<\/p>\n","protected":false},"excerpt":{"rendered":"<p>Com relevantes servi\u00e7os&nbsp;prestados \u00e0 educa\u00e7\u00e3o, o&nbsp;professor doutor da UFJF e secret\u00e1rio Nacional de Ensino&nbsp;Superior, Paulo Barone,&nbsp;foi condecorado em Bras\u00edlia&nbsp;com a \u201cOrdem Nacional do&nbsp;M\u00e9rito\u201d, conferido pelo Minist\u00e9rio&nbsp;da Educa\u00e7\u00e3o. L\u00c1 LONGE O neurorradiologista Leonardo&nbsp;Macedo, da Cedimagem&nbsp;e do Monte Sinai, est\u00e1 sob o c\u00e9u de Taiwan. De 19&nbsp;a 23, ele participa com sete&nbsp;brasileiros do 21\u00ba Congresso&nbsp;Mundial abordando doen\u00e7as&nbsp;inflamat\u00f3rias. [&hellip;]<\/p>\n","protected":false},"author":96,"featured_media":94033,"comment_status":"closed","ping_status":"closed","sticky":false,"template":"","format":"standard","meta":{"footnotes":""},"categories":[264],"tags":[],"class_list":["post-94044","post","type-post","status-publish","format-standard","has-post-thumbnail","hentry","category-eduardo-gomes"],"_links":{"self":[{"href":"https:\/\/diarioregionaldigital.com.br\/index.php?rest_route=\/wp\/v2\/posts\/94044","targetHints":{"allow":["GET"]}}],"collection":[{"href":"https:\/\/diarioregionaldigital.com.br\/index.php?rest_route=\/wp\/v2\/posts"}],"about":[{"href":"https:\/\/diarioregionaldigital.com.br\/index.php?rest_route=\/wp\/v2\/types\/post"}],"author":[{"embeddable":true,"href":"https:\/\/diarioregionaldigital.com.br\/index.php?rest_route=\/wp\/v2\/users\/96"}],"replies":[{"embeddable":true,"href":"https:\/\/diarioregionaldigital.com.br\/index.php?rest_route=%2Fwp%2Fv2%2Fcomments&post=94044"}],"version-history":[{"count":0,"href":"https:\/\/diarioregionaldigital.com.br\/index.php?rest_route=\/wp\/v2\/posts\/94044\/revisions"}],"wp:featuredmedia":[{"embeddable":true,"href":"https:\/\/diarioregionaldigital.com.br\/index.php?rest_route=\/wp\/v2\/media\/94033"}],"wp:attachment":[{"href":"https:\/\/diarioregionaldigital.com.br\/index.php?rest_route=%2Fwp%2Fv2%2Fmedia&parent=94044"}],"wp:term":[{"taxonomy":"category","embeddable":true,"href":"https:\/\/diarioregionaldigital.com.br\/index.php?rest_route=%2Fwp%2Fv2%2Fcategories&post=94044"},{"taxonomy":"post_tag","embeddable":true,"href":"https:\/\/diarioregionaldigital.com.br\/index.php?rest_route=%2Fwp%2Fv2%2Ftags&post=94044"}],"curies":[{"name":"wp","href":"https:\/\/api.w.org\/{rel}","templated":true}]}}