{"id":94032,"date":"2018-03-16T21:13:40","date_gmt":"2018-03-17T00:13:40","guid":{"rendered":"http:\/\/diarioregionaljf.com.br\/2018\/03\/16\/edital-de-convocacao-coopsam\/"},"modified":"2018-08-13T20:33:27","modified_gmt":"2018-08-13T23:33:27","slug":"edital-de-convocacao-coopsam","status":"publish","type":"post","link":"https:\/\/diarioregionaldigital.com.br\/?p=94032","title":{"rendered":"EDITAL DE CONVOCA\u00c7\u00c3O &#8211; COOPSAM"},"content":{"rendered":"<p>COOPSAM &#8211; Cooperativa de Profissionais de Sa\u00fade Mental Ltda. CNPJ: 02.212.088\/0001-30. ASSEMBLEIA GERAL ORDIN\u00c1RIA. EDITAL DE CONVOCA\u00c7\u00c3O N\u00ba 46. Ficam os Senhores Cooperados convocados para a Assembleia Geral Ordin\u00e1ria da COOPSAM, a realizar-se no dia 27 de mar\u00e7o de 2018, ter\u00e7a-feira, com primeira convoca\u00e7\u00e3o para as 17h30, segunda para as 18h30 e terceira para as 19h00, no sal\u00e3o de eventos do Victory Suites, localizado \u00e0 Rua Oswaldo Aranha, n.\u00ba 20, bairro S\u00e3o Mateus, Juiz de Fora\/MG, tendo como pauta: Presta\u00e7\u00e3o de Contas do Exerc\u00edcio de 2017; Elei\u00e7\u00e3o do Conselho Fiscal; Assuntos Diversos. Para fins de qu\u00f3rum de abertura de trabalhos, \u00e9 necess\u00e1rio 2\/3 (dois ter\u00e7os) dos cooperados em condi\u00e7\u00f5es de votar, em primeira convoca\u00e7\u00e3o; metade mais um em segunda e no m\u00ednimo 10 (dez) cooperados em terceira e \u00faltima convoca\u00e7\u00e3o. Juiz de Fora, 16 de mar\u00e7o de 2018<\/p>\n","protected":false},"excerpt":{"rendered":"<p>COOPSAM &#8211; Cooperativa de Profissionais de Sa\u00fade Mental Ltda. CNPJ: 02.212.088\/0001-30. ASSEMBLEIA GERAL ORDIN\u00c1RIA. EDITAL DE CONVOCA\u00c7\u00c3O N\u00ba 46. Ficam os Senhores Cooperados convocados para a Assembleia Geral Ordin\u00e1ria da COOPSAM, a realizar-se no dia 27 de mar\u00e7o de 2018, ter\u00e7a-feira, com primeira convoca\u00e7\u00e3o para as 17h30, segunda para as 18h30 e terceira para as [&hellip;]<\/p>\n","protected":false},"author":96,"featured_media":0,"comment_status":"closed","ping_status":"closed","sticky":false,"template":"","format":"standard","meta":{"footnotes":""},"categories":[307],"tags":[],"class_list":["post-94032","post","type-post","status-publish","format-standard","hentry","category-editais"],"_links":{"self":[{"href":"https:\/\/diarioregionaldigital.com.br\/index.php?rest_route=\/wp\/v2\/posts\/94032","targetHints":{"allow":["GET"]}}],"collection":[{"href":"https:\/\/diarioregionaldigital.com.br\/index.php?rest_route=\/wp\/v2\/posts"}],"about":[{"href":"https:\/\/diarioregionaldigital.com.br\/index.php?rest_route=\/wp\/v2\/types\/post"}],"author":[{"embeddable":true,"href":"https:\/\/diarioregionaldigital.com.br\/index.php?rest_route=\/wp\/v2\/users\/96"}],"replies":[{"embeddable":true,"href":"https:\/\/diarioregionaldigital.com.br\/index.php?rest_route=%2Fwp%2Fv2%2Fcomments&post=94032"}],"version-history":[{"count":0,"href":"https:\/\/diarioregionaldigital.com.br\/index.php?rest_route=\/wp\/v2\/posts\/94032\/revisions"}],"wp:attachment":[{"href":"https:\/\/diarioregionaldigital.com.br\/index.php?rest_route=%2Fwp%2Fv2%2Fmedia&parent=94032"}],"wp:term":[{"taxonomy":"category","embeddable":true,"href":"https:\/\/diarioregionaldigital.com.br\/index.php?rest_route=%2Fwp%2Fv2%2Fcategories&post=94032"},{"taxonomy":"post_tag","embeddable":true,"href":"https:\/\/diarioregionaldigital.com.br\/index.php?rest_route=%2Fwp%2Fv2%2Ftags&post=94032"}],"curies":[{"name":"wp","href":"https:\/\/api.w.org\/{rel}","templated":true}]}}