{"id":94031,"date":"2018-03-16T21:12:22","date_gmt":"2018-03-17T00:12:22","guid":{"rendered":"http:\/\/diarioregionaljf.com.br\/2018\/03\/16\/prefeitura-municipal-de-tocantins-pregao-presencial-n-019-2018\/"},"modified":"2018-08-13T20:33:28","modified_gmt":"2018-08-13T23:33:28","slug":"prefeitura-municipal-de-tocantins-pregao-presencial-n-019-2018","status":"publish","type":"post","link":"https:\/\/diarioregionaldigital.com.br\/?p=94031","title":{"rendered":"PREFEITURA MUNICIPAL DE TOCANTINS Preg\u00e3o Presencial n\u00b0 019\/2018"},"content":{"rendered":"<p>AVISO DE LICITA\u00c7\u00c3O<\/p>\n<p>Licita\u00e7\u00e3o n\u00b0 026\/2018<br \/>Modalidade de Preg\u00e3o Presencial n\u00b0 019\/2018<br \/>O Munic\u00edpio de Tocantins atrav\u00e9s das Secretarias Municipais, na forma da lei, faz saber a todos os interessados que far\u00e1 licita\u00e7\u00e3o na modalidade de preg\u00e3o presencial para AQUISICAO DE DIVERSOS MATERIAIS DE CONSTRU\u00c7\u00c3O A SER UTILIZADOS PELA SECRETARIA MUNICIPAL DE OBRAS P\u00daBLICAS NA MANUTENCAO DE SUAS ATIVIDADES DIARIAS, MEDIANTE REGISTRO DE PRE\u00c7OS, no dia 28\/03\/2018 \u00e0s 08:00 horas na sala da de licita\u00e7\u00f5es, localizada na Av. Padre Mac\u00e1rio, n\u00b0 129, bairro Centro, Munic\u00edpio de TOCANTINS. O edital completo encontra-se a disposi\u00e7\u00e3o dos interessados no endere\u00e7o citado anteriormente, no hor\u00e1rio de expediente de 08:00 as 11:00 horas e das 13:00 as 16:00 horas.<br \/>TOCANTINS, 15 de mar\u00e7o 2018. JANSEN PASCHOALINO ROCHA- PREGOEIRO<\/p>\n","protected":false},"excerpt":{"rendered":"<p>AVISO DE LICITA\u00c7\u00c3O Licita\u00e7\u00e3o n\u00b0 026\/2018Modalidade de Preg\u00e3o Presencial n\u00b0 019\/2018O Munic\u00edpio de Tocantins atrav\u00e9s das Secretarias Municipais, na forma da lei, faz saber a todos os interessados que far\u00e1 licita\u00e7\u00e3o na modalidade de preg\u00e3o presencial para AQUISICAO DE DIVERSOS MATERIAIS DE CONSTRU\u00c7\u00c3O A SER UTILIZADOS PELA SECRETARIA MUNICIPAL DE OBRAS P\u00daBLICAS NA MANUTENCAO DE [&hellip;]<\/p>\n","protected":false},"author":96,"featured_media":0,"comment_status":"closed","ping_status":"closed","sticky":false,"template":"","format":"standard","meta":{"footnotes":""},"categories":[307],"tags":[],"class_list":["post-94031","post","type-post","status-publish","format-standard","hentry","category-editais"],"_links":{"self":[{"href":"https:\/\/diarioregionaldigital.com.br\/index.php?rest_route=\/wp\/v2\/posts\/94031","targetHints":{"allow":["GET"]}}],"collection":[{"href":"https:\/\/diarioregionaldigital.com.br\/index.php?rest_route=\/wp\/v2\/posts"}],"about":[{"href":"https:\/\/diarioregionaldigital.com.br\/index.php?rest_route=\/wp\/v2\/types\/post"}],"author":[{"embeddable":true,"href":"https:\/\/diarioregionaldigital.com.br\/index.php?rest_route=\/wp\/v2\/users\/96"}],"replies":[{"embeddable":true,"href":"https:\/\/diarioregionaldigital.com.br\/index.php?rest_route=%2Fwp%2Fv2%2Fcomments&post=94031"}],"version-history":[{"count":0,"href":"https:\/\/diarioregionaldigital.com.br\/index.php?rest_route=\/wp\/v2\/posts\/94031\/revisions"}],"wp:attachment":[{"href":"https:\/\/diarioregionaldigital.com.br\/index.php?rest_route=%2Fwp%2Fv2%2Fmedia&parent=94031"}],"wp:term":[{"taxonomy":"category","embeddable":true,"href":"https:\/\/diarioregionaldigital.com.br\/index.php?rest_route=%2Fwp%2Fv2%2Fcategories&post=94031"},{"taxonomy":"post_tag","embeddable":true,"href":"https:\/\/diarioregionaldigital.com.br\/index.php?rest_route=%2Fwp%2Fv2%2Ftags&post=94031"}],"curies":[{"name":"wp","href":"https:\/\/api.w.org\/{rel}","templated":true}]}}