{"id":94030,"date":"2018-03-16T21:11:16","date_gmt":"2018-03-17T00:11:16","guid":{"rendered":"http:\/\/diarioregionaljf.com.br\/2018\/03\/16\/prefeitura-municipal-de-rio-novo-pregao-presencial-n-020-2018\/"},"modified":"2018-08-13T20:33:28","modified_gmt":"2018-08-13T23:33:28","slug":"prefeitura-municipal-de-rio-novo-pregao-presencial-n-020-2018","status":"publish","type":"post","link":"https:\/\/diarioregionaldigital.com.br\/?p=94030","title":{"rendered":"PREFEITURA MUNICIPAL DE RIO NOVO  Preg\u00e3o Presencial n\u00b0 020\/2018"},"content":{"rendered":"<p>PREFEITURA MUNICIPAL DE RIO NOVO<\/p>\n<p>AVISO DE LICITA\u00c7\u00c3O<br \/>Licita\u00e7\u00e3o n\u00b0 030\/2018<br \/>Modalidade de Preg\u00e3o Presencial n\u00b0 020\/2018<br \/>O Munic\u00edpio de RIO NOVO, na forma da lei, faz saber a todos quantos o presente edital virem, ou dele conhecimento tiverem, que a partir das 09:30h do dia 02 de abril de 2018, na Prefeitura Municipal na sala da comiss\u00e3o de licita\u00e7\u00e3o, localizada na rua PRA\u00c7A PREF. RONALDO DUTRA BORGES, n\u00b0 001, bairro CENTRO, munic\u00edpio de RIO NOVO, ser\u00e1 realizada licita\u00e7\u00e3o para a AQUISI\u00c7\u00c3O DE MATERIAL DE CONSTRU\u00c7\u00c3O tipo Menor Pre\u00e7o por Item pelo SISITEMA DE REGISTRO DE PRE\u00c7O conforme consta no edital que se encontra a disposi\u00e7\u00e3o de todos os interessados na Prefeitura Municipal, onde poder\u00e3o obt\u00ea-lo. Para conhecimento de todos os interessados, expediu-se o presente que ser\u00e1 afixado no lugar de costume, publicando-se na forma da lei. RIO NOVO, 16 de mar\u00e7o de 2018.<\/p>\n","protected":false},"excerpt":{"rendered":"<p>PREFEITURA MUNICIPAL DE RIO NOVO AVISO DE LICITA\u00c7\u00c3OLicita\u00e7\u00e3o n\u00b0 030\/2018Modalidade de Preg\u00e3o Presencial n\u00b0 020\/2018O Munic\u00edpio de RIO NOVO, na forma da lei, faz saber a todos quantos o presente edital virem, ou dele conhecimento tiverem, que a partir das 09:30h do dia 02 de abril de 2018, na Prefeitura Municipal na sala da comiss\u00e3o [&hellip;]<\/p>\n","protected":false},"author":96,"featured_media":0,"comment_status":"closed","ping_status":"closed","sticky":false,"template":"","format":"standard","meta":{"footnotes":""},"categories":[307],"tags":[],"class_list":["post-94030","post","type-post","status-publish","format-standard","hentry","category-editais"],"_links":{"self":[{"href":"https:\/\/diarioregionaldigital.com.br\/index.php?rest_route=\/wp\/v2\/posts\/94030","targetHints":{"allow":["GET"]}}],"collection":[{"href":"https:\/\/diarioregionaldigital.com.br\/index.php?rest_route=\/wp\/v2\/posts"}],"about":[{"href":"https:\/\/diarioregionaldigital.com.br\/index.php?rest_route=\/wp\/v2\/types\/post"}],"author":[{"embeddable":true,"href":"https:\/\/diarioregionaldigital.com.br\/index.php?rest_route=\/wp\/v2\/users\/96"}],"replies":[{"embeddable":true,"href":"https:\/\/diarioregionaldigital.com.br\/index.php?rest_route=%2Fwp%2Fv2%2Fcomments&post=94030"}],"version-history":[{"count":0,"href":"https:\/\/diarioregionaldigital.com.br\/index.php?rest_route=\/wp\/v2\/posts\/94030\/revisions"}],"wp:attachment":[{"href":"https:\/\/diarioregionaldigital.com.br\/index.php?rest_route=%2Fwp%2Fv2%2Fmedia&parent=94030"}],"wp:term":[{"taxonomy":"category","embeddable":true,"href":"https:\/\/diarioregionaldigital.com.br\/index.php?rest_route=%2Fwp%2Fv2%2Fcategories&post=94030"},{"taxonomy":"post_tag","embeddable":true,"href":"https:\/\/diarioregionaldigital.com.br\/index.php?rest_route=%2Fwp%2Fv2%2Ftags&post=94030"}],"curies":[{"name":"wp","href":"https:\/\/api.w.org\/{rel}","templated":true}]}}