{"id":94029,"date":"2018-03-16T21:08:44","date_gmt":"2018-03-17T00:08:44","guid":{"rendered":"http:\/\/diarioregionaljf.com.br\/2018\/03\/16\/prefeitura-municipal-de-rio-novo-pregao-presencial-n-018-2018\/"},"modified":"2018-08-13T20:33:28","modified_gmt":"2018-08-13T23:33:28","slug":"prefeitura-municipal-de-rio-novo-pregao-presencial-n-018-2018","status":"publish","type":"post","link":"https:\/\/diarioregionaldigital.com.br\/?p=94029","title":{"rendered":"PREFEITURA MUNICIPAL DE RIO NOVO Preg\u00e3o Presencial n\u00b0 018\/2018"},"content":{"rendered":"<p>PREFEITURA MUNICIPAL DE RIO NOVO<br \/>AVISO DE LICITA\u00c7\u00c3O<br \/>Licita\u00e7\u00e3o n\u00b0 028\/2018<br \/>Modalidade de Preg\u00e3o Presencial n\u00b0 018\/2018<\/p>\n<p>O pregoeiro Fabiano Ara\u00fajo Rodrigues, designado pela portaria 081\/2018, torna p\u00fablico a todas as empresas interessadas em participar do referido certame, a retifica\u00e7\u00e3o do Edital, que fica alterada a data para a abertura do processo licitat\u00f3rio para o dia 28\/03\/2018 \u00e0s 09:30. RIO NOVO, 16 de MAR\u00c7O de 2018.<\/p>\n","protected":false},"excerpt":{"rendered":"<p>PREFEITURA MUNICIPAL DE RIO NOVOAVISO DE LICITA\u00c7\u00c3OLicita\u00e7\u00e3o n\u00b0 028\/2018Modalidade de Preg\u00e3o Presencial n\u00b0 018\/2018 O pregoeiro Fabiano Ara\u00fajo Rodrigues, designado pela portaria 081\/2018, torna p\u00fablico a todas as empresas interessadas em participar do referido certame, a retifica\u00e7\u00e3o do Edital, que fica alterada a data para a abertura do processo licitat\u00f3rio para o dia 28\/03\/2018 \u00e0s [&hellip;]<\/p>\n","protected":false},"author":96,"featured_media":0,"comment_status":"closed","ping_status":"closed","sticky":false,"template":"","format":"standard","meta":{"footnotes":""},"categories":[307],"tags":[],"class_list":["post-94029","post","type-post","status-publish","format-standard","hentry","category-editais"],"_links":{"self":[{"href":"https:\/\/diarioregionaldigital.com.br\/index.php?rest_route=\/wp\/v2\/posts\/94029","targetHints":{"allow":["GET"]}}],"collection":[{"href":"https:\/\/diarioregionaldigital.com.br\/index.php?rest_route=\/wp\/v2\/posts"}],"about":[{"href":"https:\/\/diarioregionaldigital.com.br\/index.php?rest_route=\/wp\/v2\/types\/post"}],"author":[{"embeddable":true,"href":"https:\/\/diarioregionaldigital.com.br\/index.php?rest_route=\/wp\/v2\/users\/96"}],"replies":[{"embeddable":true,"href":"https:\/\/diarioregionaldigital.com.br\/index.php?rest_route=%2Fwp%2Fv2%2Fcomments&post=94029"}],"version-history":[{"count":0,"href":"https:\/\/diarioregionaldigital.com.br\/index.php?rest_route=\/wp\/v2\/posts\/94029\/revisions"}],"wp:attachment":[{"href":"https:\/\/diarioregionaldigital.com.br\/index.php?rest_route=%2Fwp%2Fv2%2Fmedia&parent=94029"}],"wp:term":[{"taxonomy":"category","embeddable":true,"href":"https:\/\/diarioregionaldigital.com.br\/index.php?rest_route=%2Fwp%2Fv2%2Fcategories&post=94029"},{"taxonomy":"post_tag","embeddable":true,"href":"https:\/\/diarioregionaldigital.com.br\/index.php?rest_route=%2Fwp%2Fv2%2Ftags&post=94029"}],"curies":[{"name":"wp","href":"https:\/\/api.w.org\/{rel}","templated":true}]}}