{"id":94026,"date":"2018-03-16T20:36:08","date_gmt":"2018-03-16T23:36:08","guid":{"rendered":"http:\/\/diarioregionaljf.com.br\/2018\/03\/16\/dor-nas-costas-foi-doenca-que-mais-afastou-trabalhadores-em-2017\/"},"modified":"2018-03-16T20:36:08","modified_gmt":"2018-03-16T23:36:08","slug":"dor-nas-costas-foi-doenca-que-mais-afastou-trabalhadores-em-2017","status":"publish","type":"post","link":"https:\/\/diarioregionaldigital.com.br\/?p=94026","title":{"rendered":"Dor nas costas foi doen\u00e7a que mais afastou trabalhadores em 2017"},"content":{"rendered":"<p>Em 2017, a dorsalgia (nome t\u00e9cnico para dor nas costas) foi a doen\u00e7a que mais afastou os brasileiros dos postos de trabalho. Foram 83,8 mil casos. Nos \u00faltimos dez anos, a enfermidade tem liderado a lista de doen\u00e7as mais frequentes entre os aux\u00edlios-doen\u00e7a concedidos pelo INSS.<\/p>\n<p>Em segundo lugar est\u00e1 fratura de perna, incluindo tornozelo, com 79,5 mil casos, seguido por fratura ao n\u00edvel do punho e da m\u00e3o, com registro de 60,3 mil casos.<\/p>\n<p><img loading=\"lazy\" decoding=\"async\" class=\" size-full wp-image-94024\" src=\"http:\/\/diarioregionaljf.com.br\/wp-content\/uploads\/2018\/03\/diario-int-25160-1.jpg\" alt=\"fotoum.jpg\" style=\"display: block; margin-left: auto; margin-right: auto;\" width=\"627\" height=\"450\" srcset=\"https:\/\/diarioregionaldigital.com.br\/wp-content\/uploads\/2018\/03\/diario-int-25160-1.jpg 627w, https:\/\/diarioregionaldigital.com.br\/wp-content\/uploads\/2018\/03\/diario-int-25160-1-300x215.jpg 300w, https:\/\/diarioregionaldigital.com.br\/wp-content\/uploads\/2018\/03\/diario-int-25160-1-360x258.jpg 360w\" sizes=\"auto, (max-width: 627px) 100vw, 627px\" \/><\/p>\n<p>Os transtornos mentais e comportamentais tamb\u00e9m t\u00eam afastado muitos trabalhadores. Epis\u00f3dios depressivos, por exemplo, geraram 43,3 mil aux\u00edlios-doen\u00e7a em 2017 \u2013 foi a 10\u00aa doen\u00e7a com mais afastamentos. Mesma posi\u00e7\u00e3o de 2016. Enfermidades classificadas como outros transtornos ansiosos tamb\u00e9m apareceram entre as que mais afastaram em 2017 (15\u00aa posi\u00e7\u00e3o). Foram 28,9 mil casos. O transtorno depressivo recorrente apareceu na 21\u00aa posi\u00e7\u00e3o entre as doen\u00e7as que mais afastaram. Foram 20,7 mil aux\u00edlios.<\/p>\n<p>A neoplasia maligna mam\u00e1ria (c\u00e2ncer de mama) apareceu pela primeira vez nos \u00faltimos tr\u00eas anos entre as enfermidades mais incidentes. Foi a 20\u00aa doen\u00e7a que mais gerou aux\u00edlio-doen\u00e7a em 2017: 21 mil casos. Esses dados s\u00e3o relativos aos aux\u00edlios-doen\u00e7a previdenci\u00e1rios (sem rela\u00e7\u00e3o com acidente ou doen\u00e7a do trabalho).<\/p>\n<p><strong>Acident\u00e1rios \u2013<\/strong> Considerando-se apenas os aux\u00edlios acident\u00e1rios, ou seja, decorrentes de acidente ou doen\u00e7a do trabalho, foram as fraturas as que mais afastaram os trabalhadores no ano passado. Somando-se fraturas de punho e m\u00e3o, perna, p\u00e9 e antebra\u00e7o s\u00e3o quase 63 mil casos.<\/p>\n<p>Entre os benef\u00edcios acident\u00e1rios, a dor nas costas tamb\u00e9m aparece entre as doen\u00e7as que mais afastaram no ano passado. Foi a quinta com maior n\u00famero de aux\u00edlios \u2013 11,8 mil. Em 2016, havia sido a terceira que mais afastou. Outros transtornos ansiosos geraram 2,2 mil aux\u00edlios-doen\u00e7a acident\u00e1rios e foi a 20\u00aa enfermidade que mais afastou. Epis\u00f3dios depressivos acometeram 2,1 mil trabalhadores e ficou na 21\u00aa posi\u00e7\u00e3o entre os afastamentos.<\/p>\n<p><img loading=\"lazy\" decoding=\"async\" class=\" size-full wp-image-94025\" src=\"http:\/\/diarioregionaljf.com.br\/wp-content\/uploads\/2018\/03\/diario-int-25160-2.jpg\" alt=\"fotodois.jpg\" style=\"display: block; margin-left: auto; margin-right: auto;\" width=\"604\" height=\"450\" srcset=\"https:\/\/diarioregionaldigital.com.br\/wp-content\/uploads\/2018\/03\/diario-int-25160-2.jpg 604w, https:\/\/diarioregionaldigital.com.br\/wp-content\/uploads\/2018\/03\/diario-int-25160-2-300x224.jpg 300w, https:\/\/diarioregionaldigital.com.br\/wp-content\/uploads\/2018\/03\/diario-int-25160-2-360x268.jpg 360w\" sizes=\"auto, (max-width: 604px) 100vw, 604px\" \/><\/p>\n<p>Na p\u00e1gina da Previd\u00eancia Social est\u00e3o dispon\u00edveis informa\u00e7\u00f5es completas sobre os afastamentos. \u00c9 poss\u00edvel verificar a quantidade de aux\u00edlios-doen\u00e7a concedidos mensalmente, segundo a Classifica\u00e7\u00e3o Internacional de Doen\u00e7as (CID 10) e separados em previdenci\u00e1rios e acident\u00e1rios.<\/p>\n<p>Fonte: Assessoria<\/p>\n","protected":false},"excerpt":{"rendered":"<p>Em 2017, a dorsalgia (nome t\u00e9cnico para dor nas costas) foi a doen\u00e7a que mais afastou os brasileiros dos postos de trabalho. Foram 83,8 mil casos. Nos \u00faltimos dez anos, a enfermidade tem liderado a lista de doen\u00e7as mais frequentes entre os aux\u00edlios-doen\u00e7a concedidos pelo INSS. Em segundo lugar est\u00e1 fratura de perna, incluindo tornozelo, [&hellip;]<\/p>\n","protected":false},"author":96,"featured_media":94023,"comment_status":"closed","ping_status":"closed","sticky":false,"template":"","format":"standard","meta":{"footnotes":""},"categories":[261],"tags":[],"class_list":["post-94026","post","type-post","status-publish","format-standard","has-post-thumbnail","hentry","category-economia"],"_links":{"self":[{"href":"https:\/\/diarioregionaldigital.com.br\/index.php?rest_route=\/wp\/v2\/posts\/94026","targetHints":{"allow":["GET"]}}],"collection":[{"href":"https:\/\/diarioregionaldigital.com.br\/index.php?rest_route=\/wp\/v2\/posts"}],"about":[{"href":"https:\/\/diarioregionaldigital.com.br\/index.php?rest_route=\/wp\/v2\/types\/post"}],"author":[{"embeddable":true,"href":"https:\/\/diarioregionaldigital.com.br\/index.php?rest_route=\/wp\/v2\/users\/96"}],"replies":[{"embeddable":true,"href":"https:\/\/diarioregionaldigital.com.br\/index.php?rest_route=%2Fwp%2Fv2%2Fcomments&post=94026"}],"version-history":[{"count":0,"href":"https:\/\/diarioregionaldigital.com.br\/index.php?rest_route=\/wp\/v2\/posts\/94026\/revisions"}],"wp:featuredmedia":[{"embeddable":true,"href":"https:\/\/diarioregionaldigital.com.br\/index.php?rest_route=\/wp\/v2\/media\/94023"}],"wp:attachment":[{"href":"https:\/\/diarioregionaldigital.com.br\/index.php?rest_route=%2Fwp%2Fv2%2Fmedia&parent=94026"}],"wp:term":[{"taxonomy":"category","embeddable":true,"href":"https:\/\/diarioregionaldigital.com.br\/index.php?rest_route=%2Fwp%2Fv2%2Fcategories&post=94026"},{"taxonomy":"post_tag","embeddable":true,"href":"https:\/\/diarioregionaldigital.com.br\/index.php?rest_route=%2Fwp%2Fv2%2Ftags&post=94026"}],"curies":[{"name":"wp","href":"https:\/\/api.w.org\/{rel}","templated":true}]}}