{"id":94022,"date":"2018-03-16T20:29:25","date_gmt":"2018-03-16T23:29:25","guid":{"rendered":"http:\/\/diarioregionaljf.com.br\/2018\/03\/16\/vereador-marlon-siqueira-quer-esforco-local-para-garantir-licitacao-da-reforma-do-grupo-central-em-abril\/"},"modified":"2018-03-16T20:29:25","modified_gmt":"2018-03-16T23:29:25","slug":"vereador-marlon-siqueira-quer-esforco-local-para-garantir-licitacao-da-reforma-do-grupo-central-em-abril","status":"publish","type":"post","link":"https:\/\/diarioregionaldigital.com.br\/?p=94022","title":{"rendered":"Vereador Marlon Siqueira quer esfor\u00e7o local para garantir licita\u00e7\u00e3o da reforma do Grupo Central em abril"},"content":{"rendered":"<p>&#8220;Unir os esfor\u00e7os da cidade para a reforma do Central&#8221;. Esse \u00e9 o objetivo de um grupo de trabalho proposto pelo vereador Marlon Siqueira (MDB) durante reuni\u00e3o na Superintend\u00eancia Regional de Ensino de Juiz de Fora (SRE). O encontro buscou reunir os diversos atores da cidade envolvidos na restaura\u00e7\u00e3o do palacete: representantes de servidores, professores, alunos, pais, e a dire\u00e7\u00e3o da Escola Estadual Delfim Moreira, com t\u00e9cnicos e gestores da SRE, para identificar e buscar solu\u00e7\u00f5es para os problemas que podem atrasar a obra.<\/p>\n<p>&#8220;Queremos lutar juntos para que a licita\u00e7\u00e3o aconte\u00e7a ainda em abril e a reforma comece no primeiro semestre, &#8216;colocar o projeto debaixo do bra\u00e7o&#8217;. Sabemos das muitas demandas que o Governo do Estado tem nas diversas cidades de Minas Gerais, por isso, \u00e9 importante que n\u00f3s, juiz-foranos, possamos auxiliar nesse processo&#8221;, relata Marlon, que, em agosto no ano passado, promoveu junto ao vereador J\u00falio Obama Jr. (PHS) uma audi\u00eancia p\u00fablica sobre o tema. &#8220;Existe um protagonismo grande da comunidade acad\u00eamica na luta pela reforma. Buscamos unir a nossa voz a esse coro&#8221;, completa.<\/p>\n<p>Durante a reuni\u00e3o, a superintendente regional de ensino de Juiz de Fora, Fernanda Moura, explicou como anda o processo da reforma do espa\u00e7o. Segundo a gestora, conforme comunicado feito pelo secret\u00e1rio de Estado de Educa\u00e7\u00e3o, Wieland Silberschneider, j\u00e1 est\u00e1 sendo formatada a licita\u00e7\u00e3o baseada nos projetos arquitet\u00f4nicos e de restauro j\u00e1 realizados. &#8220;Apesar de reformas em escolas localizadas em edif\u00edcios hist\u00f3ricos ser de responsabilidade do Departamento de Edifica\u00e7\u00f5es e Estradas de Rodagem de Minas Gerais (DEER-MG), estamos acompanhando de perto a quest\u00e3o. Toda iniciativa como essa para auxiliar esse trabalho \u00e9 bem-vinda&#8221;.<\/p>\n<h4>&nbsp;<\/h4>\n<h4>PRIMEIRA MISS\u00c3O DO GRUPO<\/h4>\n<p>Nos pr\u00f3ximos dias, o grupo buscar\u00e1 se reunir com os agentes p\u00fablicos locais envolvidos na libera\u00e7\u00e3o reforma, como a Secretaria de Atividades Urbanas (SAU) e o Corpo de Bombeiros de Minas Gerais, respons\u00e1vel pela libera\u00e7\u00e3o do projeto de seguran\u00e7a contra inc\u00eandios, ainda em est\u00e1gio de aprova\u00e7\u00e3o. A proposta \u00e9 indicar a import\u00e2ncia do projeto para a cidade, que, respeitados os prazos e as medidas legais, deve ser tratado como urgente. A preocupa\u00e7\u00e3o se faz necess\u00e1ria tendo em vista que, por estarmos em um ano de elei\u00e7\u00f5es, algumas condutas como a assinatura de contratos s\u00e3o vedadas pela legisla\u00e7\u00e3o no per\u00edodo eleitoral &#8211; o que poderia atrasar o in\u00edcio das obras de restauro.<\/p>\n<p>Fonte: Assessoria<\/p>\n","protected":false},"excerpt":{"rendered":"<p>&#8220;Unir os esfor\u00e7os da cidade para a reforma do Central&#8221;. Esse \u00e9 o objetivo de um grupo de trabalho proposto pelo vereador Marlon Siqueira (MDB) durante reuni\u00e3o na Superintend\u00eancia Regional de Ensino de Juiz de Fora (SRE). O encontro buscou reunir os diversos atores da cidade envolvidos na restaura\u00e7\u00e3o do palacete: representantes de servidores, professores, [&hellip;]<\/p>\n","protected":false},"author":96,"featured_media":94021,"comment_status":"closed","ping_status":"closed","sticky":false,"template":"","format":"standard","meta":{"footnotes":""},"categories":[254],"tags":[],"class_list":["post-94022","post","type-post","status-publish","format-standard","has-post-thumbnail","hentry","category-politica"],"_links":{"self":[{"href":"https:\/\/diarioregionaldigital.com.br\/index.php?rest_route=\/wp\/v2\/posts\/94022","targetHints":{"allow":["GET"]}}],"collection":[{"href":"https:\/\/diarioregionaldigital.com.br\/index.php?rest_route=\/wp\/v2\/posts"}],"about":[{"href":"https:\/\/diarioregionaldigital.com.br\/index.php?rest_route=\/wp\/v2\/types\/post"}],"author":[{"embeddable":true,"href":"https:\/\/diarioregionaldigital.com.br\/index.php?rest_route=\/wp\/v2\/users\/96"}],"replies":[{"embeddable":true,"href":"https:\/\/diarioregionaldigital.com.br\/index.php?rest_route=%2Fwp%2Fv2%2Fcomments&post=94022"}],"version-history":[{"count":0,"href":"https:\/\/diarioregionaldigital.com.br\/index.php?rest_route=\/wp\/v2\/posts\/94022\/revisions"}],"wp:featuredmedia":[{"embeddable":true,"href":"https:\/\/diarioregionaldigital.com.br\/index.php?rest_route=\/wp\/v2\/media\/94021"}],"wp:attachment":[{"href":"https:\/\/diarioregionaldigital.com.br\/index.php?rest_route=%2Fwp%2Fv2%2Fmedia&parent=94022"}],"wp:term":[{"taxonomy":"category","embeddable":true,"href":"https:\/\/diarioregionaldigital.com.br\/index.php?rest_route=%2Fwp%2Fv2%2Fcategories&post=94022"},{"taxonomy":"post_tag","embeddable":true,"href":"https:\/\/diarioregionaldigital.com.br\/index.php?rest_route=%2Fwp%2Fv2%2Ftags&post=94022"}],"curies":[{"name":"wp","href":"https:\/\/api.w.org\/{rel}","templated":true}]}}