{"id":94020,"date":"2018-03-16T20:15:14","date_gmt":"2018-03-16T23:15:14","guid":{"rendered":"http:\/\/diarioregionaljf.com.br\/2018\/03\/16\/inclusao-de-pessoas-com-sindrome-de-down-e-pauta-a-ser-discutida-na-almg\/"},"modified":"2018-03-16T20:15:14","modified_gmt":"2018-03-16T23:15:14","slug":"inclusao-de-pessoas-com-sindrome-de-down-e-pauta-a-ser-discutida-na-almg","status":"publish","type":"post","link":"https:\/\/diarioregionaldigital.com.br\/?p=94020","title":{"rendered":"Inclus\u00e3o de pessoas com s\u00edndrome de Down \u00e9 pauta a ser discutida na ALMG"},"content":{"rendered":"<p>Para debater as pol\u00edticas de promo\u00e7\u00e3o da participa\u00e7\u00e3o comunit\u00e1ria e familiar das pessoas com s\u00edndrome de Down, a Comiss\u00e3o de Defesa dos Direitos da Pessoa com Defici\u00eancia da Assembleia Legislativa de Minas Gerais (ALMG) vai realizar uma audi\u00eancia p\u00fablica nesta pr\u00f3xima quarta-feira, 21, \u00e0s 14h30, no Audit\u00f3rio Jos\u00e9 Alencar Gomes da Silva. A reuni\u00e3o, solicitada pelos deputados Duarte Bechir (PSD), presidente da comiss\u00e3o, e Antonio Carlos Arantes (PSDB), \u00e9 motivada e se insere no contexto da Semana Estadual da S\u00edndrome de Down, realizada anualmente na semana em que incidir o dia 21 de mar\u00e7o.<\/p>\n<p>A Lei 20.742, de 2013, que institui a data, prev\u00ea que nesta ocasi\u00e3o ser\u00e3o realizadas no Estado atividades de orienta\u00e7\u00e3o da popula\u00e7\u00e3o e de promo\u00e7\u00e3o da inclus\u00e3o social da pessoa com s\u00edndrome de Down. O 21 de mar\u00e7o tamb\u00e9m marca o Dia Internacional da S\u00edndrome de Down.<\/p>\n<p>&#8220;Nossa comiss\u00e3o promove essa audi\u00eancia p\u00fablica para somar-se aos esfor\u00e7os de conscientiza\u00e7\u00e3o sobre a inclus\u00e3o das pessoas com Down na sociedade, enfatizando a igualdade e o combate a qualquer preconceito&#8221;, enfatizou Duarte Bechir.<\/p>\n<p>A s\u00edndrome de Down \u00e9 uma altera\u00e7\u00e3o gen\u00e9tica, que se d\u00e1 pela exist\u00eancia de um cromossomo extra nas c\u00e9lulas do organismo, afetando o desenvolvimento intelectual e cognitivo da pessoa.<\/p>\n<p>Fonte: Assessoria\/ALMG<\/p>\n","protected":false},"excerpt":{"rendered":"<p>Para debater as pol\u00edticas de promo\u00e7\u00e3o da participa\u00e7\u00e3o comunit\u00e1ria e familiar das pessoas com s\u00edndrome de Down, a Comiss\u00e3o de Defesa dos Direitos da Pessoa com Defici\u00eancia da Assembleia Legislativa de Minas Gerais (ALMG) vai realizar uma audi\u00eancia p\u00fablica nesta pr\u00f3xima quarta-feira, 21, \u00e0s 14h30, no Audit\u00f3rio Jos\u00e9 Alencar Gomes da Silva. A reuni\u00e3o, solicitada [&hellip;]<\/p>\n","protected":false},"author":96,"featured_media":94019,"comment_status":"closed","ping_status":"closed","sticky":false,"template":"","format":"standard","meta":{"footnotes":""},"categories":[254],"tags":[],"class_list":["post-94020","post","type-post","status-publish","format-standard","has-post-thumbnail","hentry","category-politica"],"_links":{"self":[{"href":"https:\/\/diarioregionaldigital.com.br\/index.php?rest_route=\/wp\/v2\/posts\/94020","targetHints":{"allow":["GET"]}}],"collection":[{"href":"https:\/\/diarioregionaldigital.com.br\/index.php?rest_route=\/wp\/v2\/posts"}],"about":[{"href":"https:\/\/diarioregionaldigital.com.br\/index.php?rest_route=\/wp\/v2\/types\/post"}],"author":[{"embeddable":true,"href":"https:\/\/diarioregionaldigital.com.br\/index.php?rest_route=\/wp\/v2\/users\/96"}],"replies":[{"embeddable":true,"href":"https:\/\/diarioregionaldigital.com.br\/index.php?rest_route=%2Fwp%2Fv2%2Fcomments&post=94020"}],"version-history":[{"count":0,"href":"https:\/\/diarioregionaldigital.com.br\/index.php?rest_route=\/wp\/v2\/posts\/94020\/revisions"}],"wp:featuredmedia":[{"embeddable":true,"href":"https:\/\/diarioregionaldigital.com.br\/index.php?rest_route=\/wp\/v2\/media\/94019"}],"wp:attachment":[{"href":"https:\/\/diarioregionaldigital.com.br\/index.php?rest_route=%2Fwp%2Fv2%2Fmedia&parent=94020"}],"wp:term":[{"taxonomy":"category","embeddable":true,"href":"https:\/\/diarioregionaldigital.com.br\/index.php?rest_route=%2Fwp%2Fv2%2Fcategories&post=94020"},{"taxonomy":"post_tag","embeddable":true,"href":"https:\/\/diarioregionaldigital.com.br\/index.php?rest_route=%2Fwp%2Fv2%2Ftags&post=94020"}],"curies":[{"name":"wp","href":"https:\/\/api.w.org\/{rel}","templated":true}]}}