{"id":94018,"date":"2018-03-16T19:57:32","date_gmt":"2018-03-16T22:57:32","guid":{"rendered":"http:\/\/diarioregionaljf.com.br\/2018\/03\/16\/orgaos-alertam-para-possibilidade-de-quase-70mm-de-chuva-em-muriae-entre-sexta-e-sabado\/"},"modified":"2018-03-16T19:57:32","modified_gmt":"2018-03-16T22:57:32","slug":"orgaos-alertam-para-possibilidade-de-quase-70mm-de-chuva-em-muriae-entre-sexta-e-sabado","status":"publish","type":"post","link":"https:\/\/diarioregionaldigital.com.br\/?p=94018","title":{"rendered":"\u00d3rg\u00e3os alertam para possibilidade de quase 70mm de chuva em Muria\u00e9 entre sexta e s\u00e1bado"},"content":{"rendered":"<p>A previs\u00e3o meteorol\u00f3gica para a Muria\u00e9 e regi\u00e3o nas pr\u00f3ximas horas \u00e9 de muita chuva. De acordo com o site Clima Tempo, h\u00e1 grande possibilidade de chover 66 mm (mil\u00edmetros) na cidade entre esta sexta-feira, 16, e s\u00e1bado, 17.<\/p>\n<p>Ainda segundo o site especializado, nesta sexta h\u00e1 possibilidade de pancadas de chuva \u00e0 tarde e \u00e0 noite, com previs\u00e3o de 15mm de precipita\u00e7\u00f5es. J\u00e1 o s\u00e1bado deve ser de sol com muitas nuvens durante o dia, com chuva a qualquer hora, podendo chegar a 51mm de chuva.<\/p>\n<p>A Coordenadoria Municipal de Prote\u00e7\u00e3o e Defesa Civil divulgou o Boletim Informativo na manh\u00e3 de hoje e confirmou a perspectiva de chuva. Segundo o \u00f3rg\u00e3o, que atua em n\u00edvel de observa\u00e7\u00e3o, o acumulado de chuva na cidade nas \u00faltimas 72h \u00e9 de 42,79mm.<\/p>\n<p>As pessoas que moram em \u00e1reas consideradas de risco devem ficar atentas e em caso de emerg\u00eancia acionar a Defesa Civil pelos telefones: 199 e 98826-9846.<\/p>\n<p>Fonte: R\u00e1dio Muria\u00e9<\/p>\n","protected":false},"excerpt":{"rendered":"<p>A previs\u00e3o meteorol\u00f3gica para a Muria\u00e9 e regi\u00e3o nas pr\u00f3ximas horas \u00e9 de muita chuva. De acordo com o site Clima Tempo, h\u00e1 grande possibilidade de chover 66 mm (mil\u00edmetros) na cidade entre esta sexta-feira, 16, e s\u00e1bado, 17. Ainda segundo o site especializado, nesta sexta h\u00e1 possibilidade de pancadas de chuva \u00e0 tarde e [&hellip;]<\/p>\n","protected":false},"author":96,"featured_media":94017,"comment_status":"closed","ping_status":"closed","sticky":false,"template":"","format":"standard","meta":{"footnotes":""},"categories":[252],"tags":[],"class_list":["post-94018","post","type-post","status-publish","format-standard","has-post-thumbnail","hentry","category-regiao"],"_links":{"self":[{"href":"https:\/\/diarioregionaldigital.com.br\/index.php?rest_route=\/wp\/v2\/posts\/94018","targetHints":{"allow":["GET"]}}],"collection":[{"href":"https:\/\/diarioregionaldigital.com.br\/index.php?rest_route=\/wp\/v2\/posts"}],"about":[{"href":"https:\/\/diarioregionaldigital.com.br\/index.php?rest_route=\/wp\/v2\/types\/post"}],"author":[{"embeddable":true,"href":"https:\/\/diarioregionaldigital.com.br\/index.php?rest_route=\/wp\/v2\/users\/96"}],"replies":[{"embeddable":true,"href":"https:\/\/diarioregionaldigital.com.br\/index.php?rest_route=%2Fwp%2Fv2%2Fcomments&post=94018"}],"version-history":[{"count":0,"href":"https:\/\/diarioregionaldigital.com.br\/index.php?rest_route=\/wp\/v2\/posts\/94018\/revisions"}],"wp:featuredmedia":[{"embeddable":true,"href":"https:\/\/diarioregionaldigital.com.br\/index.php?rest_route=\/wp\/v2\/media\/94017"}],"wp:attachment":[{"href":"https:\/\/diarioregionaldigital.com.br\/index.php?rest_route=%2Fwp%2Fv2%2Fmedia&parent=94018"}],"wp:term":[{"taxonomy":"category","embeddable":true,"href":"https:\/\/diarioregionaldigital.com.br\/index.php?rest_route=%2Fwp%2Fv2%2Fcategories&post=94018"},{"taxonomy":"post_tag","embeddable":true,"href":"https:\/\/diarioregionaldigital.com.br\/index.php?rest_route=%2Fwp%2Fv2%2Ftags&post=94018"}],"curies":[{"name":"wp","href":"https:\/\/api.w.org\/{rel}","templated":true}]}}