{"id":94016,"date":"2018-03-16T19:27:06","date_gmt":"2018-03-16T22:27:06","guid":{"rendered":"http:\/\/diarioregionaljf.com.br\/2018\/03\/16\/policia-civil-apreende-armas-e-prende-suspeitos-em-ervalia\/"},"modified":"2018-03-16T19:27:06","modified_gmt":"2018-03-16T22:27:06","slug":"policia-civil-apreende-armas-e-prende-suspeitos-em-ervalia","status":"publish","type":"post","link":"https:\/\/diarioregionaldigital.com.br\/?p=94016","title":{"rendered":"Pol\u00edcia Civil apreende armas e prende suspeitos em Erv\u00e1lia"},"content":{"rendered":"<p>Nessa quinta-feira, 15, ap\u00f3s dilig\u00eancias para apurar roubos ocorridos na cidade de Erv\u00e1lia, a Pol\u00edcia Civil de Minas Gerais, com apoio de policiais militares, cumpriu, na zona rural da cidade, um mandado de busca e apreens\u00e3o que culminou na apreens\u00e3o de um rev\u00f3lver calibre 38, carregado com seis muni\u00e7\u00f5es intactas, uma escopeta calibre 12, diversas muni\u00e7\u00f5es calibres 38 e 12, por\u00e7\u00f5es de maconha, um ve\u00edculo roubado e R$750.<\/p>\n<p>Durante a a\u00e7\u00e3o, quatro homens, entre 22 e 30 anos, foram presos em flagrante por posse irregular de arma de fogo de uso permitido, porte ilegal de arma de fogo de uso permitido, por associa\u00e7\u00e3o criminosa e recepta\u00e7\u00e3o. Investiga\u00e7\u00f5es apontam que os indiv\u00edduos s\u00e3o oriundos das cidades de Muria\u00e9 e de Belford Roxo, baixada fluminense, e teriam se associado com a finalidade de cometer crimes de roubo e tr\u00e1fico de drogas na cidade de Erv\u00e1lia. Entre os suspeitos, tr\u00eas possuem diversas passagens pela pr\u00e1tica de crimes de tr\u00e1fico de drogas e de homic\u00eddios.<\/p>\n<p>Os presos foram conduzidos at\u00e9 a Delegacia, onde tiveram o flagrante ratificado. Eles foram encaminhados ao Sistema Prisional.<\/p>\n<p>Fonte: Assessoria<\/p>\n","protected":false},"excerpt":{"rendered":"<p>Nessa quinta-feira, 15, ap\u00f3s dilig\u00eancias para apurar roubos ocorridos na cidade de Erv\u00e1lia, a Pol\u00edcia Civil de Minas Gerais, com apoio de policiais militares, cumpriu, na zona rural da cidade, um mandado de busca e apreens\u00e3o que culminou na apreens\u00e3o de um rev\u00f3lver calibre 38, carregado com seis muni\u00e7\u00f5es intactas, uma escopeta calibre 12, diversas [&hellip;]<\/p>\n","protected":false},"author":96,"featured_media":94015,"comment_status":"closed","ping_status":"closed","sticky":false,"template":"","format":"standard","meta":{"footnotes":""},"categories":[252],"tags":[],"class_list":["post-94016","post","type-post","status-publish","format-standard","has-post-thumbnail","hentry","category-regiao"],"_links":{"self":[{"href":"https:\/\/diarioregionaldigital.com.br\/index.php?rest_route=\/wp\/v2\/posts\/94016","targetHints":{"allow":["GET"]}}],"collection":[{"href":"https:\/\/diarioregionaldigital.com.br\/index.php?rest_route=\/wp\/v2\/posts"}],"about":[{"href":"https:\/\/diarioregionaldigital.com.br\/index.php?rest_route=\/wp\/v2\/types\/post"}],"author":[{"embeddable":true,"href":"https:\/\/diarioregionaldigital.com.br\/index.php?rest_route=\/wp\/v2\/users\/96"}],"replies":[{"embeddable":true,"href":"https:\/\/diarioregionaldigital.com.br\/index.php?rest_route=%2Fwp%2Fv2%2Fcomments&post=94016"}],"version-history":[{"count":0,"href":"https:\/\/diarioregionaldigital.com.br\/index.php?rest_route=\/wp\/v2\/posts\/94016\/revisions"}],"wp:featuredmedia":[{"embeddable":true,"href":"https:\/\/diarioregionaldigital.com.br\/index.php?rest_route=\/wp\/v2\/media\/94015"}],"wp:attachment":[{"href":"https:\/\/diarioregionaldigital.com.br\/index.php?rest_route=%2Fwp%2Fv2%2Fmedia&parent=94016"}],"wp:term":[{"taxonomy":"category","embeddable":true,"href":"https:\/\/diarioregionaldigital.com.br\/index.php?rest_route=%2Fwp%2Fv2%2Fcategories&post=94016"},{"taxonomy":"post_tag","embeddable":true,"href":"https:\/\/diarioregionaldigital.com.br\/index.php?rest_route=%2Fwp%2Fv2%2Ftags&post=94016"}],"curies":[{"name":"wp","href":"https:\/\/api.w.org\/{rel}","templated":true}]}}