{"id":94014,"date":"2018-03-16T19:17:54","date_gmt":"2018-03-16T22:17:54","guid":{"rendered":"http:\/\/diarioregionaljf.com.br\/2018\/03\/16\/motoristas-terao-mais-trabalho-para-renovar-cnh\/"},"modified":"2018-03-16T19:17:54","modified_gmt":"2018-03-16T22:17:54","slug":"motoristas-terao-mais-trabalho-para-renovar-cnh","status":"publish","type":"post","link":"https:\/\/diarioregionaldigital.com.br\/?p=94014","title":{"rendered":"Motoristas ter\u00e3o mais trabalho para renovar CNH"},"content":{"rendered":"<p>Os motoristas ter\u00e3o mais trabalho para renovar a CNH (Carteira Nacional de Habilita\u00e7\u00e3o) a partir do dia 5 de junho, quando passa a valer a Resolu\u00e7\u00e3o 726 do Conselho Nacional de Tr\u00e2nsito (Contran). As novas regras, publicadas no Di\u00e1rio Oficial da Uni\u00e3o, determinam a realiza\u00e7\u00e3o de exames e prova para a renova\u00e7\u00e3o da permiss\u00e3o para dirigir no pa\u00eds.<\/p>\n<p>De acordo com o texto, os motoristas com carteira de habilita\u00e7\u00e3o de categorias A e B, que permitem a condu\u00e7\u00e3o de carro e motocicleta, ser\u00e3o submetidos a um exame de aptid\u00e3o f\u00edsica e mental no momento de renova\u00e7\u00e3o.<\/p>\n<p>\u201cQuando houver ind\u00edcios de defici\u00eancia f\u00edsica, mental, ou de progressividade de doen\u00e7a que possa diminuir a capacidade para conduzir o ve\u00edculo, o prazo de validade do Exame de Aptid\u00e3o F\u00edsica e Mental poder\u00e1 ser diminu\u00eddo a crit\u00e9rio do m\u00e9dico perito examinador\u201d, afirma o texto.<\/p>\n<p>Para os motoristas habilitados nas categorias C, D e\/ou E, passa a ser tamb\u00e9m obrigat\u00f3ria a realiza\u00e7\u00e3o de um exame toxicol\u00f3gico de larga escala de detec\u00e7\u00e3o.<\/p>\n<p>A Resolu\u00e7\u00e3o estabelece que o resultado positivo apresentado pelo exame toxicol\u00f3gico, n\u00e3o justificado por m\u00e9dico revisor, ter\u00e1 como consequ\u00eancia a suspens\u00e3o do direito de dirigir pelo per\u00edodo de tr\u00eas meses.<\/p>\n<h4>&nbsp;<\/h4>\n<h4>PROVAS<\/h4>\n<p>Al\u00e9m dos exames, outra novidade apresentada pela resolu\u00e7\u00e3o \u00e9 a obrigatoriedade de aprova\u00e7\u00e3o em curso de atualiza\u00e7\u00e3o ou aperfei\u00e7oamento no momento da renova\u00e7\u00e3o da CNH.<\/p>\n<p>Nos exames te\u00f3ricos, ser\u00e3o formulados com quest\u00f5es de m\u00faltipla escolha com quatro alternativas de respostas, sendo apenas uma correta.<\/p>\n<p>Para ser aprovado na prova te\u00f3rica, ser\u00e1 necess\u00e1rio acertar, no m\u00ednimo, 70% das quest\u00f5es. Caso seja reprovado na prova, o motorista s\u00f3 poder\u00e1 realizar um novo teste quinze dias da divulga\u00e7\u00e3o do resultado.<\/p>\n<p>As novas regras passam a valer no dia 5 de junho, 90 dias ap\u00f3s a publica\u00e7\u00e3o da resolu\u00e7\u00e3o no Di\u00e1rio Oficial da Uni\u00e3o.<\/p>\n<p>Fonte: R\u00e1dio Muria\u00e9<\/p>\n","protected":false},"excerpt":{"rendered":"<p>Os motoristas ter\u00e3o mais trabalho para renovar a CNH (Carteira Nacional de Habilita\u00e7\u00e3o) a partir do dia 5 de junho, quando passa a valer a Resolu\u00e7\u00e3o 726 do Conselho Nacional de Tr\u00e2nsito (Contran). As novas regras, publicadas no Di\u00e1rio Oficial da Uni\u00e3o, determinam a realiza\u00e7\u00e3o de exames e prova para a renova\u00e7\u00e3o da permiss\u00e3o para [&hellip;]<\/p>\n","protected":false},"author":96,"featured_media":94013,"comment_status":"closed","ping_status":"closed","sticky":false,"template":"","format":"standard","meta":{"footnotes":""},"categories":[302],"tags":[],"class_list":["post-94014","post","type-post","status-publish","format-standard","has-post-thumbnail","hentry","category-brasil-mundo"],"_links":{"self":[{"href":"https:\/\/diarioregionaldigital.com.br\/index.php?rest_route=\/wp\/v2\/posts\/94014","targetHints":{"allow":["GET"]}}],"collection":[{"href":"https:\/\/diarioregionaldigital.com.br\/index.php?rest_route=\/wp\/v2\/posts"}],"about":[{"href":"https:\/\/diarioregionaldigital.com.br\/index.php?rest_route=\/wp\/v2\/types\/post"}],"author":[{"embeddable":true,"href":"https:\/\/diarioregionaldigital.com.br\/index.php?rest_route=\/wp\/v2\/users\/96"}],"replies":[{"embeddable":true,"href":"https:\/\/diarioregionaldigital.com.br\/index.php?rest_route=%2Fwp%2Fv2%2Fcomments&post=94014"}],"version-history":[{"count":0,"href":"https:\/\/diarioregionaldigital.com.br\/index.php?rest_route=\/wp\/v2\/posts\/94014\/revisions"}],"wp:featuredmedia":[{"embeddable":true,"href":"https:\/\/diarioregionaldigital.com.br\/index.php?rest_route=\/wp\/v2\/media\/94013"}],"wp:attachment":[{"href":"https:\/\/diarioregionaldigital.com.br\/index.php?rest_route=%2Fwp%2Fv2%2Fmedia&parent=94014"}],"wp:term":[{"taxonomy":"category","embeddable":true,"href":"https:\/\/diarioregionaldigital.com.br\/index.php?rest_route=%2Fwp%2Fv2%2Fcategories&post=94014"},{"taxonomy":"post_tag","embeddable":true,"href":"https:\/\/diarioregionaldigital.com.br\/index.php?rest_route=%2Fwp%2Fv2%2Ftags&post=94014"}],"curies":[{"name":"wp","href":"https:\/\/api.w.org\/{rel}","templated":true}]}}