{"id":94012,"date":"2018-03-16T19:03:51","date_gmt":"2018-03-16T22:03:51","guid":{"rendered":"http:\/\/diarioregionaljf.com.br\/2018\/03\/16\/cinema-de-graca-no-domingo-cine-ceu-exibe-extraordinario\/"},"modified":"2018-03-16T19:03:51","modified_gmt":"2018-03-16T22:03:51","slug":"cinema-de-graca-no-domingo-cine-ceu-exibe-extraordinario","status":"publish","type":"post","link":"https:\/\/diarioregionaldigital.com.br\/?p=94012","title":{"rendered":"Cinema de gra\u00e7a no domingo &#8211; Cine CEU exibe \u201cExtraordin\u00e1rio\u201d"},"content":{"rendered":"<p>Domingo, 18, \u00e9 dia de cinema no Centro de Artes e Esportes \u201cCoronel Adelmir Romualdo de Oliveira\u201d (Pra\u00e7a CEU). O projeto \u201cCine CEU\u201d exibir\u00e1, \u00e0s 16h30, o filme \u201cExtraordin\u00e1rio\u201d, com entrada franca.<\/p>\n<p>Adapta\u00e7\u00e3o do livro hom\u00f4nimo de R.J. Palacio, o longa-metragem conta a hist\u00f3ria de \u201cAuggie\u201d (Jacob Tremblay), menino com malforma\u00e7\u00e3o cong\u00eanita no rosto, que passa por in\u00fameras cirurgias pl\u00e1sticas. Ele teme enfrentar o primeiro dia na escola, com outras crian\u00e7as de sua idade.<\/p>\n<p>At\u00e9 ent\u00e3o, era educado em casa pela m\u00e3e, \u201cIsabel\u201d (Julia Roberts). Assim, pela primeira vez, aos dez anos, \u201cAuggie\u201d entra em uma escola regular e se torna o centro das aten\u00e7\u00f5es, por conta de sua apar\u00eancia. O menino tenta driblar o preconceito com bom humor e, ao mesmo tempo, conta com o apoio do amigo \u201cJack\u201d (Noah Jupe), da irm\u00e3 \u201cVia\u201d (Izabela Vidovic) e dos pais, \u201cIsabel\u201d e \u201cNate\u201d (Owen Wilson). O filme n\u00e3o \u00e9 recomendado para menores de 10 anos.<\/p>\n<p>O projeto \u201cCine CEU\u201d faz parte da programa\u00e7\u00e3o cultural do CEU\/Zona Norte, mantido pela Prefeitura de Juiz de Fora (PJF), sob gest\u00e3o da Funda\u00e7\u00e3o Cultural \u201cAlfredo Ferreira Lage\u201d (Funalfa), em parceria com a Organiza\u00e7\u00e3o Social Associa\u00e7\u00e3o Cultural Arte e Vida (Acav).&nbsp;<\/p>\n<p>A Pra\u00e7a CEU est\u00e1 situada na Avenida Juscelino Kubitschek, n\u00ba 5.899, no bairro Benfica, zona Norte.<\/p>\n<p>Fonte: Assessoria<\/p>\n","protected":false},"excerpt":{"rendered":"<p>Domingo, 18, \u00e9 dia de cinema no Centro de Artes e Esportes \u201cCoronel Adelmir Romualdo de Oliveira\u201d (Pra\u00e7a CEU). O projeto \u201cCine CEU\u201d exibir\u00e1, \u00e0s 16h30, o filme \u201cExtraordin\u00e1rio\u201d, com entrada franca. Adapta\u00e7\u00e3o do livro hom\u00f4nimo de R.J. Palacio, o longa-metragem conta a hist\u00f3ria de \u201cAuggie\u201d (Jacob Tremblay), menino com malforma\u00e7\u00e3o cong\u00eanita no rosto, que [&hellip;]<\/p>\n","protected":false},"author":96,"featured_media":94011,"comment_status":"closed","ping_status":"closed","sticky":false,"template":"","format":"standard","meta":{"footnotes":""},"categories":[256],"tags":[],"class_list":["post-94012","post","type-post","status-publish","format-standard","has-post-thumbnail","hentry","category-cultura"],"_links":{"self":[{"href":"https:\/\/diarioregionaldigital.com.br\/index.php?rest_route=\/wp\/v2\/posts\/94012","targetHints":{"allow":["GET"]}}],"collection":[{"href":"https:\/\/diarioregionaldigital.com.br\/index.php?rest_route=\/wp\/v2\/posts"}],"about":[{"href":"https:\/\/diarioregionaldigital.com.br\/index.php?rest_route=\/wp\/v2\/types\/post"}],"author":[{"embeddable":true,"href":"https:\/\/diarioregionaldigital.com.br\/index.php?rest_route=\/wp\/v2\/users\/96"}],"replies":[{"embeddable":true,"href":"https:\/\/diarioregionaldigital.com.br\/index.php?rest_route=%2Fwp%2Fv2%2Fcomments&post=94012"}],"version-history":[{"count":0,"href":"https:\/\/diarioregionaldigital.com.br\/index.php?rest_route=\/wp\/v2\/posts\/94012\/revisions"}],"wp:featuredmedia":[{"embeddable":true,"href":"https:\/\/diarioregionaldigital.com.br\/index.php?rest_route=\/wp\/v2\/media\/94011"}],"wp:attachment":[{"href":"https:\/\/diarioregionaldigital.com.br\/index.php?rest_route=%2Fwp%2Fv2%2Fmedia&parent=94012"}],"wp:term":[{"taxonomy":"category","embeddable":true,"href":"https:\/\/diarioregionaldigital.com.br\/index.php?rest_route=%2Fwp%2Fv2%2Fcategories&post=94012"},{"taxonomy":"post_tag","embeddable":true,"href":"https:\/\/diarioregionaldigital.com.br\/index.php?rest_route=%2Fwp%2Fv2%2Ftags&post=94012"}],"curies":[{"name":"wp","href":"https:\/\/api.w.org\/{rel}","templated":true}]}}