{"id":94010,"date":"2018-03-16T18:49:31","date_gmt":"2018-03-16T21:49:31","guid":{"rendered":"http:\/\/diarioregionaljf.com.br\/2018\/03\/16\/libano-e-excecao-e-exemplo-de-estabilidade-no-oriente-medio-diz-onu\/"},"modified":"2018-03-16T18:49:31","modified_gmt":"2018-03-16T21:49:31","slug":"libano-e-excecao-e-exemplo-de-estabilidade-no-oriente-medio-diz-onu","status":"publish","type":"post","link":"https:\/\/diarioregionaldigital.com.br\/?p=94010","title":{"rendered":"L\u00edbano \u00e9 exce\u00e7\u00e3o e exemplo de estabilidade no Oriente M\u00e9dio, diz ONU"},"content":{"rendered":"<p>O secret\u00e1rio-geral da ONU, Ant\u00f3nio Guterres, disse nessa quinta-feira, 15, em Roma, que \u00e9 absolutamente crucial preservar a estabilidade no L\u00edbano, neste momento em que o Oriente M\u00e9dio est\u00e1 uma confus\u00e3o. A declara\u00e7\u00e3o foi feita durante um encontro ministerial do Grupo Internacional de Apoio ao L\u00edbano. A informa\u00e7\u00e3o \u00e9 da ONU News.<\/p>\n<p>Guterres explicou que \u201ceste \u00e9 o momento em que a comunidade internacional precisa expressar o seu compromisso e apoio total para com a unidade e estabilidade no L\u00edbano, mas tamb\u00e9m para com a sua soberania e integridade territorial. \u201d<\/p>\n<p>O chefe das Na\u00e7\u00f5es Unidas disse que \u00e9 preciso ser claro e afirmar para a comunidade internacional \u201cque isto n\u00e3o \u00e9 uma quest\u00e3o de solidariedade, \u00e9 uma quest\u00e3o do seu pr\u00f3prio interesse.&#8221; Segundo ele, \u201capoiar a unidade e estabilidade libanesas, \u00e9 apoiar a estabilidade em toda a regi\u00e3o e contribuir para diminuir as amea\u00e7as dram\u00e1ticas \u00e0 paz que enfrentamos hoje no mundo.\u201d<\/p>\n<h4>&nbsp;<\/h4>\n<h4>DESORDEM<\/h4>\n<p>O secret\u00e1rio-geral afirmou que \u201co Oriente M\u00e9dio est\u00e1 uma confus\u00e3o\u201d e que \u201co s\u00edmbolo claro dessa confus\u00e3o \u00e9 o infinito e sangrento conflito na S\u00edria e o sofrimento dram\u00e1tico do povo s\u00edrio. \u201d<\/p>\n<p>Mas nessa \u201cdesordem\u201d, destacou Guterres, h\u00e1 uma exce\u00e7\u00e3o positiva que \u201c\u00e9 a sabedoria e a capacidade mostrada pelos l\u00edderes do L\u00edbano para preservar a sua estabilidade e unidade, contra todas as probabilidades, contra um fluxo massivo de refugiados com impacto dram\u00e1tico na sua economia e na sociedade, e contra uma amea\u00e7a de seguran\u00e7a vinda do vizinho do lado, a S\u00edria.\u201d<\/p>\n<p>Guterres concluiu dizendo que \u00e9 \u201cabsolutamente crucial preservar\u201d a aus\u00eancia de conflitos no pa\u00eds porque \u201co L\u00edbano \u00e9 hoje um dos poucos pilares de estabilidade e paz na regi\u00e3o. \u201d<\/p>\n<p>Fonte: Ag\u00eancia Brasil<\/p>\n","protected":false},"excerpt":{"rendered":"<p>O secret\u00e1rio-geral da ONU, Ant\u00f3nio Guterres, disse nessa quinta-feira, 15, em Roma, que \u00e9 absolutamente crucial preservar a estabilidade no L\u00edbano, neste momento em que o Oriente M\u00e9dio est\u00e1 uma confus\u00e3o. A declara\u00e7\u00e3o foi feita durante um encontro ministerial do Grupo Internacional de Apoio ao L\u00edbano. A informa\u00e7\u00e3o \u00e9 da ONU News. Guterres explicou que [&hellip;]<\/p>\n","protected":false},"author":96,"featured_media":94009,"comment_status":"closed","ping_status":"closed","sticky":false,"template":"","format":"standard","meta":{"footnotes":""},"categories":[302],"tags":[],"class_list":["post-94010","post","type-post","status-publish","format-standard","has-post-thumbnail","hentry","category-brasil-mundo"],"_links":{"self":[{"href":"https:\/\/diarioregionaldigital.com.br\/index.php?rest_route=\/wp\/v2\/posts\/94010","targetHints":{"allow":["GET"]}}],"collection":[{"href":"https:\/\/diarioregionaldigital.com.br\/index.php?rest_route=\/wp\/v2\/posts"}],"about":[{"href":"https:\/\/diarioregionaldigital.com.br\/index.php?rest_route=\/wp\/v2\/types\/post"}],"author":[{"embeddable":true,"href":"https:\/\/diarioregionaldigital.com.br\/index.php?rest_route=\/wp\/v2\/users\/96"}],"replies":[{"embeddable":true,"href":"https:\/\/diarioregionaldigital.com.br\/index.php?rest_route=%2Fwp%2Fv2%2Fcomments&post=94010"}],"version-history":[{"count":0,"href":"https:\/\/diarioregionaldigital.com.br\/index.php?rest_route=\/wp\/v2\/posts\/94010\/revisions"}],"wp:featuredmedia":[{"embeddable":true,"href":"https:\/\/diarioregionaldigital.com.br\/index.php?rest_route=\/wp\/v2\/media\/94009"}],"wp:attachment":[{"href":"https:\/\/diarioregionaldigital.com.br\/index.php?rest_route=%2Fwp%2Fv2%2Fmedia&parent=94010"}],"wp:term":[{"taxonomy":"category","embeddable":true,"href":"https:\/\/diarioregionaldigital.com.br\/index.php?rest_route=%2Fwp%2Fv2%2Fcategories&post=94010"},{"taxonomy":"post_tag","embeddable":true,"href":"https:\/\/diarioregionaldigital.com.br\/index.php?rest_route=%2Fwp%2Fv2%2Ftags&post=94010"}],"curies":[{"name":"wp","href":"https:\/\/api.w.org\/{rel}","templated":true}]}}